{"id":9303,"date":"2023-02-21T15:53:49","date_gmt":"2023-02-21T14:53:49","guid":{"rendered":"https:\/\/www.km0.info\/actualites\/pierre-fort-ceo-of-credit-agricole-alsace-vosges-the-village-by-ca-will-bring-the-power-of-its-network-to-the-people-of-kmo\/"},"modified":"2023-02-21T15:53:49","modified_gmt":"2023-02-21T14:53:49","slug":"pierre-fort-ceo-of-credit-agricole-alsace-vosges-the-village-by-ca-will-bring-the-power-of-its-network-to-the-people-of-kmo","status":"publish","type":"post","link":"https:\/\/www.km0.info\/en\/the-news-its-life-at-kmo\/pierre-fort-ceo-of-credit-agricole-alsace-vosges-the-village-by-ca-will-bring-the-power-of-its-network-to-the-people-of-kmo\/","title":{"rendered":"Pierre Fort, CEO of Cr\u00e9dit Agricole Alsace Vosges: &#8220;The Village by CA will bring the power of its network to the people of KM\u00d8&#8221;."},"content":{"rendered":"<p><!-- flzn:zn_textblock --><\/p>\n<div id=\"flzn-textblock-1\" class=\"zone zn-textblock\">\n<div class=\"zone-block zn-textblock-block va-top\">\n<div class=\"row mw-content-zone \">\n<div class=\"columns large-12\">\n<div class=\"row large-up-1 nbloc-1\">\n<div class=\"column zn-textblock-col\">\n<div class=\"column-inner\">\n<div class=\"wig-content mw-content\">\n<p><strong>Pierre Fort and all his team had a crush on KM\u00d8. This is why the first Village by CA in Alsace Vosges will be located in Mulhouse&nbsp;! But what is a Village by CA&nbsp;? Read this interview to learn more.<\/strong><\/p>\n<p><!--more--><\/p>\n<h2>You are the General Manager of Cr\u00e9dit Agricole Alsace Vosges, what is your background&nbsp;?<\/h2>\n<p>My background is essentially &#8221;&nbsp;Cr\u00e9dit Agricole&nbsp;&#8220;. I have held management positions in three regional banks at&nbsp;: Annecy, Dijon and Grenoble. Before that, I was at the General Inspection and Accounting Department in Paris, and before that, in Rome, this time at Soci\u00e9t\u00e9 G\u00e9n\u00e9rale.<\/p>\n<p>I have been General Manager of the Cr\u00e9dit Agricole Alsace Vosges for two and a half years, in a region that I did not know, Alsace, and I take great pleasure here.<\/p>\n<div id=\"attachment_1520\" class=\"wp-caption aligncenter\" style=\"width:100%;max-width:1000px\"><img decoding=\"async\" loading=\"lazy\" class=\"size-full wp-image-1520\" src=\"https:\/\/www.km0.info\/wp-inside\/uploads\/2018\/11\/pierre-fort-copyright-laurent-rea.jpg\" alt=\"Pierre Fort\" width=\"1000\" height=\"666\"><\/p>\n<p class=\"wp-caption-text\">Pierre Fort \u00a9 Photo&nbsp;: Laurent REA<\/p>\n<\/div>\n<h2>Introduce us to the Village by CA in Mulhouse. Who is it for&nbsp;?<\/h2>\n<p><a href=\"https:\/\/www.levillagebyca.com\/fr\" target=\"_blank\" rel=\"noopener noreferrer\">The Village by CA is first and foremost a network of 27 villages throughout France<\/a>, since the creation of the 1st village in 2014 in Paris. It is the <strong>first network of startup gas pedals in the regions<\/strong>. We have already supported nearly 600 startups. We want to develop this network internationally as well. We are in contact with other gas pedals in Europe, Asia and North America.<\/p>\n<p>The Village is for  <strong>startups in acceleration phase<\/strong>This is complementary to the KM\u00d8 ecosystem where other structures are planned for the pre-incubation and incubation of startups&nbsp;! We help startups by offering them the best conditions for success&nbsp;These include: personalized support, expert advice, training workshops, events and networking to develop their business.<\/p>\n<p>The Village is also intended for <strong>partner companies and other innovation players<\/strong>, who can both contribute their experience and come and get inspired. It&#8217;s a win-win ecosystem. Innovation requires diversity. And KM\u00d8 allows this mix and diversity.<\/p>\n<p>In Mulhouse, we aim to support between 10 and 15 startups for up to 24 months. We will launch the first call for applications very soon. The selected projects will be consistent with KM\u00d8&#8217;s specificities (connected objects, industry of the future) and with Cr\u00e9dit Agricole&#8217;s priorities (agri-food, housing, health and aging, energy transition&#8230;).<\/p>\n<h2>Why did you choose KM\u00d8 to set up the Village in Mulhouse (and the 1st in the region&nbsp;!)&nbsp;?<\/h2>\n<p>The redevelopment of an industrial wasteland in the heart of the city, the choice of digital technology as a specificity and the ecosystem planned within KM\u00d8 have attracted the support of many public and private actors. We were seduced by the ecosystem itself, its diversity, its dynamics. For these reasons, the Cr\u00e9dit Agricole Alsace Vosges joined the operation by investing from the start in the structure that carries the real estate. So we are both tenants for the Village and investors.<\/p>\n<p>KM\u00d8 will bring a lot to the territory, especially in terms of value creation. We will be able to contribute to this ecosystem, which combines training, research and economic activity. This ecosystem has a <strong>common benefit<\/strong>, that&#8217;s what&#8217;s very strong, and that&#8217;s what startups will benefit from.<\/p>\n<p>The strong local roots and the creation of jobs in the region are decisive elements for Cr\u00e9dit Agricole. And the Village itself is part of this dynamic. We are not a disconnected startup gas pedal&nbsp;: there is a <strong>proximity on the ground<\/strong> which for me is essential for development.<\/p>\n<p>Beyond the ecosystem, this beautiful place has been the cradle of well known factories, and will hopefully become a <strong>new cradle<\/strong> for new renowned companies.<\/p>\n<h2>What will the Village by CA bring to KM\u00d8 and its occupants&nbsp;? And vice versa&nbsp;?<\/h2>\n<p>At KM\u00d8, we bring, if I may say so, the <strong>4th stage of the rocket<\/strong>, after training, pre-incubation, and incubation of startups. This is the acceleration phase&nbsp;!<\/p>\n<p>The Village by CA will bring to KM\u00d8&#8217;s occupants the power of its network and its experience in supporting startups. In Mulhouse, I sense a real desire on the part of companies to encourage the emergence of startups, in the interest of both the startups and the companies.<\/p>\n<p>Our will is to make the startups benefit from the animations, conferences and other contributions that we will be able to propose, but <strong>also to make our partners and the whole KM\u00d8 ecosystem benefit from it<\/strong>&nbsp;!<\/p>\n<p>It is an ecosystem where each one feeds off the other. The Village will feed off the players already in place and bring its own brick. For Mulhouse, Alsace, the Grand Est, we can all work together to create added value, wealth and jobs.<\/p>\n<h2>Personally, what do you like about the KM\u00d8 ecosystem&nbsp;?<\/h2>\n<p>This <strong>common will<\/strong> between private partners, companies, consultants, teachers, and public partners&nbsp;: there is this conjunction of initiatives and will to create added value for the Mulhouse area and the Grand Est. This is quite rare&nbsp;!<\/p>\n<p>Especially since we are not recreating something that exists elsewhere, it is a <a href=\"https:\/\/www.km0.info\/ecosysteme\/\">unique ecosystem<\/a>.<\/p>\n<p>As a mutualist regional bank, Cr\u00e9dit Agricole Alsace Vosges is completely in line with KM\u00d8&#8217;s values and dynamics. I am therefore very happy about this collective adventure that is starting, and about the prospect of the Village by CA&#8217;s installation from February 2019 in the Fonderie district.<\/p>\n<p>&nbsp;<\/p>\n<p><strong><em>Thank you&nbsp;!  <\/em><\/strong><\/p>\n<p><strong><em>Discover very soon a new exclusive interview, and find them all in the category <\/em><a href=\"https:\/\/www.km0.info\/interviews\/\"><br \/>\n  <em>Interviews<\/em><br \/>\n<\/a><em>.<\/em><\/strong><\/p>\n<\/p><\/div>\n<\/p><\/div>\n<\/p><\/div>\n<\/p><\/div>\n<\/p><\/div>\n<\/p><\/div>\n<\/p><\/div>\n<\/div>\n<p><!-- \/flzn:zn_textblock --><\/p>\n","protected":false},"excerpt":{"rendered":"<p>Pierre Fort and all his team had a crush on KM\u00d8. This is why the first Village by CA in Alsace Vosges will be located in Mulhouse&nbsp;! But what is [&hellip;]<\/p>\n","protected":false},"author":2,"featured_media":3699,"comment_status":"closed","ping_status":"closed","sticky":false,"template":"","format":"standard","meta":{"_acf_changed":false,"footnotes":""},"categories":[46],"tags":[],"class_list":["post-9303","post","type-post","status-publish","format-standard","has-post-thumbnail","hentry","category-the-news-its-life-at-kmo","wp-sticky"],"acf":[],"yoast_head":"<!-- This site is optimized with the Yoast SEO plugin v27.5 - https:\/\/yoast.com\/product\/yoast-seo-wordpress\/ -->\n<title>Pierre Fort, CEO of Cr\u00e9dit Agricole Alsace Vosges: &quot;The Village by CA will bring the power of its network to the people of KM\u00d8&quot;.<\/title>\n<meta name=\"robots\" content=\"index, follow, max-snippet:-1, max-image-preview:large, max-video-preview:-1\" \/>\n<link rel=\"canonical\" href=\"https:\/\/www.km0.info\/en\/the-news-its-life-at-kmo\/pierre-fort-ceo-of-credit-agricole-alsace-vosges-the-village-by-ca-will-bring-the-power-of-its-network-to-the-people-of-kmo\/\" \/>\n<meta property=\"og:locale\" content=\"en_US\" \/>\n<meta property=\"og:type\" content=\"article\" \/>\n<meta property=\"og:title\" content=\"Pierre Fort, CEO of Cr\u00e9dit Agricole Alsace Vosges: &quot;The Village by CA will bring the power of its network to the people of KM\u00d8&quot;.\" \/>\n<meta property=\"og:description\" content=\"Pierre Fort and all his team had a crush on KM\u00d8. This is why the first Village by CA in Alsace Vosges will be located in Mulhouse&nbsp;! But what is [&hellip;]\" \/>\n<meta property=\"og:url\" content=\"https:\/\/www.km0.info\/en\/the-news-its-life-at-kmo\/pierre-fort-ceo-of-credit-agricole-alsace-vosges-the-village-by-ca-will-bring-the-power-of-its-network-to-the-people-of-kmo\/\" \/>\n<meta property=\"og:site_name\" content=\"KM\u00d8\" \/>\n<meta property=\"article:published_time\" content=\"2023-02-21T14:53:49+00:00\" \/>\n<meta property=\"og:image\" content=\"https:\/\/www.km0.info\/wp-inside\/uploads\/2018\/11\/pierre-fort-copyright-laurent-rea.jpg\" \/>\n<meta name=\"author\" content=\"Equipe KM0\" \/>\n<meta name=\"twitter:card\" content=\"summary_large_image\" \/>\n<meta name=\"twitter:label1\" content=\"Written by\" \/>\n\t<meta name=\"twitter:data1\" content=\"Equipe KM0\" \/>\n\t<meta name=\"twitter:label2\" content=\"Est. reading time\" \/>\n\t<meta name=\"twitter:data2\" content=\"4 minutes\" \/>\n<script type=\"application\/ld+json\" class=\"yoast-schema-graph\">{\"@context\":\"https:\\\/\\\/schema.org\",\"@graph\":[{\"@type\":\"Article\",\"@id\":\"https:\\\/\\\/www.km0.info\\\/en\\\/the-news-its-life-at-kmo\\\/pierre-fort-ceo-of-credit-agricole-alsace-vosges-the-village-by-ca-will-bring-the-power-of-its-network-to-the-people-of-kmo\\\/#article\",\"isPartOf\":{\"@id\":\"https:\\\/\\\/www.km0.info\\\/en\\\/the-news-its-life-at-kmo\\\/pierre-fort-ceo-of-credit-agricole-alsace-vosges-the-village-by-ca-will-bring-the-power-of-its-network-to-the-people-of-kmo\\\/\"},\"author\":{\"name\":\"Equipe KM0\",\"@id\":\"https:\\\/\\\/www.km0.info\\\/en\\\/#\\\/schema\\\/person\\\/0fb8ab3bf26123f53a131250d589dba3\"},\"headline\":\"Pierre Fort, CEO of Cr\u00e9dit Agricole Alsace Vosges: &#8220;The Village by CA will bring the power of its network to the people of KM\u00d8&#8221;.\",\"datePublished\":\"2023-02-21T14:53:49+00:00\",\"mainEntityOfPage\":{\"@id\":\"https:\\\/\\\/www.km0.info\\\/en\\\/the-news-its-life-at-kmo\\\/pierre-fort-ceo-of-credit-agricole-alsace-vosges-the-village-by-ca-will-bring-the-power-of-its-network-to-the-people-of-kmo\\\/\"},\"wordCount\":930,\"publisher\":{\"@id\":\"https:\\\/\\\/www.km0.info\\\/en\\\/#organization\"},\"image\":{\"@id\":\"https:\\\/\\\/www.km0.info\\\/en\\\/the-news-its-life-at-kmo\\\/pierre-fort-ceo-of-credit-agricole-alsace-vosges-the-village-by-ca-will-bring-the-power-of-its-network-to-the-people-of-kmo\\\/#primaryimage\"},\"thumbnailUrl\":\"https:\\\/\\\/www.km0.info\\\/wp-inside\\\/uploads\\\/2018\\\/11\\\/pierre-fort-copyright-laurent-rea.jpg\",\"articleSection\":[\"The news: it's life at KM\u00d8!\"],\"inLanguage\":\"en-US\"},{\"@type\":\"WebPage\",\"@id\":\"https:\\\/\\\/www.km0.info\\\/en\\\/the-news-its-life-at-kmo\\\/pierre-fort-ceo-of-credit-agricole-alsace-vosges-the-village-by-ca-will-bring-the-power-of-its-network-to-the-people-of-kmo\\\/\",\"url\":\"https:\\\/\\\/www.km0.info\\\/en\\\/the-news-its-life-at-kmo\\\/pierre-fort-ceo-of-credit-agricole-alsace-vosges-the-village-by-ca-will-bring-the-power-of-its-network-to-the-people-of-kmo\\\/\",\"name\":\"Pierre Fort, CEO of Cr\u00e9dit Agricole Alsace Vosges: \\\"The Village by CA will bring the power of its network to the people of KM\u00d8\\\".\",\"isPartOf\":{\"@id\":\"https:\\\/\\\/www.km0.info\\\/en\\\/#website\"},\"primaryImageOfPage\":{\"@id\":\"https:\\\/\\\/www.km0.info\\\/en\\\/the-news-its-life-at-kmo\\\/pierre-fort-ceo-of-credit-agricole-alsace-vosges-the-village-by-ca-will-bring-the-power-of-its-network-to-the-people-of-kmo\\\/#primaryimage\"},\"image\":{\"@id\":\"https:\\\/\\\/www.km0.info\\\/en\\\/the-news-its-life-at-kmo\\\/pierre-fort-ceo-of-credit-agricole-alsace-vosges-the-village-by-ca-will-bring-the-power-of-its-network-to-the-people-of-kmo\\\/#primaryimage\"},\"thumbnailUrl\":\"https:\\\/\\\/www.km0.info\\\/wp-inside\\\/uploads\\\/2018\\\/11\\\/pierre-fort-copyright-laurent-rea.jpg\",\"datePublished\":\"2023-02-21T14:53:49+00:00\",\"breadcrumb\":{\"@id\":\"https:\\\/\\\/www.km0.info\\\/en\\\/the-news-its-life-at-kmo\\\/pierre-fort-ceo-of-credit-agricole-alsace-vosges-the-village-by-ca-will-bring-the-power-of-its-network-to-the-people-of-kmo\\\/#breadcrumb\"},\"inLanguage\":\"en-US\",\"potentialAction\":[{\"@type\":\"ReadAction\",\"target\":[\"https:\\\/\\\/www.km0.info\\\/en\\\/the-news-its-life-at-kmo\\\/pierre-fort-ceo-of-credit-agricole-alsace-vosges-the-village-by-ca-will-bring-the-power-of-its-network-to-the-people-of-kmo\\\/\"]}]},{\"@type\":\"ImageObject\",\"inLanguage\":\"en-US\",\"@id\":\"https:\\\/\\\/www.km0.info\\\/en\\\/the-news-its-life-at-kmo\\\/pierre-fort-ceo-of-credit-agricole-alsace-vosges-the-village-by-ca-will-bring-the-power-of-its-network-to-the-people-of-kmo\\\/#primaryimage\",\"url\":\"https:\\\/\\\/www.km0.info\\\/wp-inside\\\/uploads\\\/2018\\\/11\\\/pierre-fort-copyright-laurent-rea.jpg\",\"contentUrl\":\"https:\\\/\\\/www.km0.info\\\/wp-inside\\\/uploads\\\/2018\\\/11\\\/pierre-fort-copyright-laurent-rea.jpg\",\"width\":1000,\"height\":666,\"caption\":\"Pierre Fort \u00a9 Photo : Laurent REA\"},{\"@type\":\"BreadcrumbList\",\"@id\":\"https:\\\/\\\/www.km0.info\\\/en\\\/the-news-its-life-at-kmo\\\/pierre-fort-ceo-of-credit-agricole-alsace-vosges-the-village-by-ca-will-bring-the-power-of-its-network-to-the-people-of-kmo\\\/#breadcrumb\",\"itemListElement\":[{\"@type\":\"ListItem\",\"position\":1,\"name\":\"Accueil\",\"item\":\"https:\\\/\\\/www.km0.info\\\/en\\\/\"},{\"@type\":\"ListItem\",\"position\":2,\"name\":\"The news: it's life at KM\u00d8!\",\"item\":\"https:\\\/\\\/www.km0.info\\\/en\\\/the-news-its-life-at-kmo\\\/\"},{\"@type\":\"ListItem\",\"position\":3,\"name\":\"Pierre Fort, CEO of Cr\u00e9dit Agricole Alsace Vosges&#160;: \u00ab&#160;The Village by CA will bring the power of its network to the people of KM\u00d8&#160;\u00bb.\"}]},{\"@type\":\"WebSite\",\"@id\":\"https:\\\/\\\/www.km0.info\\\/en\\\/#website\",\"url\":\"https:\\\/\\\/www.km0.info\\\/en\\\/\",\"name\":\"KM\u00d8\",\"description\":\"Lieu d&#039;innovation d\u00e9di\u00e9 \u00e0 la transformation digitale de l&#039;industrie\",\"publisher\":{\"@id\":\"https:\\\/\\\/www.km0.info\\\/en\\\/#organization\"},\"potentialAction\":[{\"@type\":\"SearchAction\",\"target\":{\"@type\":\"EntryPoint\",\"urlTemplate\":\"https:\\\/\\\/www.km0.info\\\/en\\\/?s={search_term_string}\"},\"query-input\":{\"@type\":\"PropertyValueSpecification\",\"valueRequired\":true,\"valueName\":\"search_term_string\"}}],\"inLanguage\":\"en-US\"},{\"@type\":\"Organization\",\"@id\":\"https:\\\/\\\/www.km0.info\\\/en\\\/#organization\",\"name\":\"KM\u00d8\",\"url\":\"https:\\\/\\\/www.km0.info\\\/en\\\/\",\"logo\":{\"@type\":\"ImageObject\",\"inLanguage\":\"en-US\",\"@id\":\"https:\\\/\\\/www.km0.info\\\/en\\\/#\\\/schema\\\/logo\\\/image\\\/\",\"url\":\"https:\\\/\\\/www.km0.info\\\/wp-inside\\\/uploads\\\/2020\\\/10\\\/logo-km0-quadri-200x155-1.png\",\"contentUrl\":\"https:\\\/\\\/www.km0.info\\\/wp-inside\\\/uploads\\\/2020\\\/10\\\/logo-km0-quadri-200x155-1.png\",\"width\":200,\"height\":155,\"caption\":\"KM\u00d8\"},\"image\":{\"@id\":\"https:\\\/\\\/www.km0.info\\\/en\\\/#\\\/schema\\\/logo\\\/image\\\/\"}},{\"@type\":\"Person\",\"@id\":\"https:\\\/\\\/www.km0.info\\\/en\\\/#\\\/schema\\\/person\\\/0fb8ab3bf26123f53a131250d589dba3\",\"name\":\"Equipe KM0\",\"image\":{\"@type\":\"ImageObject\",\"inLanguage\":\"en-US\",\"@id\":\"https:\\\/\\\/secure.gravatar.com\\\/avatar\\\/a2557483713cbb9ae1c9e0a28ab15eb2e3417b482547f37b3efdef866cbeb15b?s=96&d=mm&r=g\",\"url\":\"https:\\\/\\\/secure.gravatar.com\\\/avatar\\\/a2557483713cbb9ae1c9e0a28ab15eb2e3417b482547f37b3efdef866cbeb15b?s=96&d=mm&r=g\",\"contentUrl\":\"https:\\\/\\\/secure.gravatar.com\\\/avatar\\\/a2557483713cbb9ae1c9e0a28ab15eb2e3417b482547f37b3efdef866cbeb15b?s=96&d=mm&r=g\",\"caption\":\"Equipe KM0\"},\"sameAs\":[\"km0_pp-adm\"]}]}<\/script>\n<!-- \/ Yoast SEO plugin. -->","yoast_head_json":{"title":"Pierre Fort, CEO of Cr\u00e9dit Agricole Alsace Vosges: \"The Village by CA will bring the power of its network to the people of KM\u00d8\".","robots":{"index":"index","follow":"follow","max-snippet":"max-snippet:-1","max-image-preview":"max-image-preview:large","max-video-preview":"max-video-preview:-1"},"canonical":"https:\/\/www.km0.info\/en\/the-news-its-life-at-kmo\/pierre-fort-ceo-of-credit-agricole-alsace-vosges-the-village-by-ca-will-bring-the-power-of-its-network-to-the-people-of-kmo\/","og_locale":"en_US","og_type":"article","og_title":"Pierre Fort, CEO of Cr\u00e9dit Agricole Alsace Vosges: \"The Village by CA will bring the power of its network to the people of KM\u00d8\".","og_description":"Pierre Fort and all his team had a crush on KM\u00d8. This is why the first Village by CA in Alsace Vosges will be located in Mulhouse&nbsp;! But what is [&hellip;]","og_url":"https:\/\/www.km0.info\/en\/the-news-its-life-at-kmo\/pierre-fort-ceo-of-credit-agricole-alsace-vosges-the-village-by-ca-will-bring-the-power-of-its-network-to-the-people-of-kmo\/","og_site_name":"KM\u00d8","article_published_time":"2023-02-21T14:53:49+00:00","og_image":[{"url":"https:\/\/www.km0.info\/wp-inside\/uploads\/2018\/11\/pierre-fort-copyright-laurent-rea.jpg","type":"","width":"","height":""}],"author":"Equipe KM0","twitter_card":"summary_large_image","twitter_misc":{"Written by":"Equipe KM0","Est. reading time":"4 minutes"},"schema":{"@context":"https:\/\/schema.org","@graph":[{"@type":"Article","@id":"https:\/\/www.km0.info\/en\/the-news-its-life-at-kmo\/pierre-fort-ceo-of-credit-agricole-alsace-vosges-the-village-by-ca-will-bring-the-power-of-its-network-to-the-people-of-kmo\/#article","isPartOf":{"@id":"https:\/\/www.km0.info\/en\/the-news-its-life-at-kmo\/pierre-fort-ceo-of-credit-agricole-alsace-vosges-the-village-by-ca-will-bring-the-power-of-its-network-to-the-people-of-kmo\/"},"author":{"name":"Equipe KM0","@id":"https:\/\/www.km0.info\/en\/#\/schema\/person\/0fb8ab3bf26123f53a131250d589dba3"},"headline":"Pierre Fort, CEO of Cr\u00e9dit Agricole Alsace Vosges: &#8220;The Village by CA will bring the power of its network to the people of KM\u00d8&#8221;.","datePublished":"2023-02-21T14:53:49+00:00","mainEntityOfPage":{"@id":"https:\/\/www.km0.info\/en\/the-news-its-life-at-kmo\/pierre-fort-ceo-of-credit-agricole-alsace-vosges-the-village-by-ca-will-bring-the-power-of-its-network-to-the-people-of-kmo\/"},"wordCount":930,"publisher":{"@id":"https:\/\/www.km0.info\/en\/#organization"},"image":{"@id":"https:\/\/www.km0.info\/en\/the-news-its-life-at-kmo\/pierre-fort-ceo-of-credit-agricole-alsace-vosges-the-village-by-ca-will-bring-the-power-of-its-network-to-the-people-of-kmo\/#primaryimage"},"thumbnailUrl":"https:\/\/www.km0.info\/wp-inside\/uploads\/2018\/11\/pierre-fort-copyright-laurent-rea.jpg","articleSection":["The news: it's life at KM\u00d8!"],"inLanguage":"en-US"},{"@type":"WebPage","@id":"https:\/\/www.km0.info\/en\/the-news-its-life-at-kmo\/pierre-fort-ceo-of-credit-agricole-alsace-vosges-the-village-by-ca-will-bring-the-power-of-its-network-to-the-people-of-kmo\/","url":"https:\/\/www.km0.info\/en\/the-news-its-life-at-kmo\/pierre-fort-ceo-of-credit-agricole-alsace-vosges-the-village-by-ca-will-bring-the-power-of-its-network-to-the-people-of-kmo\/","name":"Pierre Fort, CEO of Cr\u00e9dit Agricole Alsace Vosges: \"The Village by CA will bring the power of its network to the people of KM\u00d8\".","isPartOf":{"@id":"https:\/\/www.km0.info\/en\/#website"},"primaryImageOfPage":{"@id":"https:\/\/www.km0.info\/en\/the-news-its-life-at-kmo\/pierre-fort-ceo-of-credit-agricole-alsace-vosges-the-village-by-ca-will-bring-the-power-of-its-network-to-the-people-of-kmo\/#primaryimage"},"image":{"@id":"https:\/\/www.km0.info\/en\/the-news-its-life-at-kmo\/pierre-fort-ceo-of-credit-agricole-alsace-vosges-the-village-by-ca-will-bring-the-power-of-its-network-to-the-people-of-kmo\/#primaryimage"},"thumbnailUrl":"https:\/\/www.km0.info\/wp-inside\/uploads\/2018\/11\/pierre-fort-copyright-laurent-rea.jpg","datePublished":"2023-02-21T14:53:49+00:00","breadcrumb":{"@id":"https:\/\/www.km0.info\/en\/the-news-its-life-at-kmo\/pierre-fort-ceo-of-credit-agricole-alsace-vosges-the-village-by-ca-will-bring-the-power-of-its-network-to-the-people-of-kmo\/#breadcrumb"},"inLanguage":"en-US","potentialAction":[{"@type":"ReadAction","target":["https:\/\/www.km0.info\/en\/the-news-its-life-at-kmo\/pierre-fort-ceo-of-credit-agricole-alsace-vosges-the-village-by-ca-will-bring-the-power-of-its-network-to-the-people-of-kmo\/"]}]},{"@type":"ImageObject","inLanguage":"en-US","@id":"https:\/\/www.km0.info\/en\/the-news-its-life-at-kmo\/pierre-fort-ceo-of-credit-agricole-alsace-vosges-the-village-by-ca-will-bring-the-power-of-its-network-to-the-people-of-kmo\/#primaryimage","url":"https:\/\/www.km0.info\/wp-inside\/uploads\/2018\/11\/pierre-fort-copyright-laurent-rea.jpg","contentUrl":"https:\/\/www.km0.info\/wp-inside\/uploads\/2018\/11\/pierre-fort-copyright-laurent-rea.jpg","width":1000,"height":666,"caption":"Pierre Fort \u00a9 Photo : Laurent REA"},{"@type":"BreadcrumbList","@id":"https:\/\/www.km0.info\/en\/the-news-its-life-at-kmo\/pierre-fort-ceo-of-credit-agricole-alsace-vosges-the-village-by-ca-will-bring-the-power-of-its-network-to-the-people-of-kmo\/#breadcrumb","itemListElement":[{"@type":"ListItem","position":1,"name":"Accueil","item":"https:\/\/www.km0.info\/en\/"},{"@type":"ListItem","position":2,"name":"The news: it's life at KM\u00d8!","item":"https:\/\/www.km0.info\/en\/the-news-its-life-at-kmo\/"},{"@type":"ListItem","position":3,"name":"Pierre Fort, CEO of Cr\u00e9dit Agricole Alsace Vosges&#160;: \u00ab&#160;The Village by CA will bring the power of its network to the people of KM\u00d8&#160;\u00bb."}]},{"@type":"WebSite","@id":"https:\/\/www.km0.info\/en\/#website","url":"https:\/\/www.km0.info\/en\/","name":"KM\u00d8","description":"Lieu d&#039;innovation d\u00e9di\u00e9 \u00e0 la transformation digitale de l&#039;industrie","publisher":{"@id":"https:\/\/www.km0.info\/en\/#organization"},"potentialAction":[{"@type":"SearchAction","target":{"@type":"EntryPoint","urlTemplate":"https:\/\/www.km0.info\/en\/?s={search_term_string}"},"query-input":{"@type":"PropertyValueSpecification","valueRequired":true,"valueName":"search_term_string"}}],"inLanguage":"en-US"},{"@type":"Organization","@id":"https:\/\/www.km0.info\/en\/#organization","name":"KM\u00d8","url":"https:\/\/www.km0.info\/en\/","logo":{"@type":"ImageObject","inLanguage":"en-US","@id":"https:\/\/www.km0.info\/en\/#\/schema\/logo\/image\/","url":"https:\/\/www.km0.info\/wp-inside\/uploads\/2020\/10\/logo-km0-quadri-200x155-1.png","contentUrl":"https:\/\/www.km0.info\/wp-inside\/uploads\/2020\/10\/logo-km0-quadri-200x155-1.png","width":200,"height":155,"caption":"KM\u00d8"},"image":{"@id":"https:\/\/www.km0.info\/en\/#\/schema\/logo\/image\/"}},{"@type":"Person","@id":"https:\/\/www.km0.info\/en\/#\/schema\/person\/0fb8ab3bf26123f53a131250d589dba3","name":"Equipe KM0","image":{"@type":"ImageObject","inLanguage":"en-US","@id":"https:\/\/secure.gravatar.com\/avatar\/a2557483713cbb9ae1c9e0a28ab15eb2e3417b482547f37b3efdef866cbeb15b?s=96&d=mm&r=g","url":"https:\/\/secure.gravatar.com\/avatar\/a2557483713cbb9ae1c9e0a28ab15eb2e3417b482547f37b3efdef866cbeb15b?s=96&d=mm&r=g","contentUrl":"https:\/\/secure.gravatar.com\/avatar\/a2557483713cbb9ae1c9e0a28ab15eb2e3417b482547f37b3efdef866cbeb15b?s=96&d=mm&r=g","caption":"Equipe KM0"},"sameAs":["km0_pp-adm"]}]}},"_links":{"self":[{"href":"https:\/\/www.km0.info\/en\/wp-json\/wp\/v2\/posts\/9303","targetHints":{"allow":["GET"]}}],"collection":[{"href":"https:\/\/www.km0.info\/en\/wp-json\/wp\/v2\/posts"}],"about":[{"href":"https:\/\/www.km0.info\/en\/wp-json\/wp\/v2\/types\/post"}],"author":[{"embeddable":true,"href":"https:\/\/www.km0.info\/en\/wp-json\/wp\/v2\/users\/2"}],"replies":[{"embeddable":true,"href":"https:\/\/www.km0.info\/en\/wp-json\/wp\/v2\/comments?post=9303"}],"version-history":[{"count":0,"href":"https:\/\/www.km0.info\/en\/wp-json\/wp\/v2\/posts\/9303\/revisions"}],"wp:featuredmedia":[{"embeddable":true,"href":"https:\/\/www.km0.info\/en\/wp-json\/wp\/v2\/media\/3699"}],"wp:attachment":[{"href":"https:\/\/www.km0.info\/en\/wp-json\/wp\/v2\/media?parent=9303"}],"wp:term":[{"taxonomy":"category","embeddable":true,"href":"https:\/\/www.km0.info\/en\/wp-json\/wp\/v2\/categories?post=9303"},{"taxonomy":"post_tag","embeddable":true,"href":"https:\/\/www.km0.info\/en\/wp-json\/wp\/v2\/tags?post=9303"}],"curies":[{"name":"wp","href":"https:\/\/api.w.org\/{rel}","templated":true}]}}