{"id":10087,"date":"2023-07-04T15:28:17","date_gmt":"2023-07-04T13:28:17","guid":{"rendered":"https:\/\/www.km0.info\/uncategorized\/%f0%9f%93%a2opening-of-the-bts-audiovisual-at-kmo\/"},"modified":"2023-07-04T15:28:17","modified_gmt":"2023-07-04T13:28:17","slug":"%f0%9f%93%a2opening-of-the-bts-audiovisual-at-kmo","status":"publish","type":"post","link":"https:\/\/www.km0.info\/en\/the-news-its-life-at-kmo\/%f0%9f%93%a2opening-of-the-bts-audiovisual-at-kmo\/","title":{"rendered":"\ud83d\udce2Opening of the BTS Audiovisual at KM\u00d8"},"content":{"rendered":"<p><!-- flzn:zn_textblock --><\/p>\n<div id=\"flzn-textblock-1\" class=\"zn zone zn-textblock\">\n<div class=\"zone-block zn-textblock-block alignwide va-top\">\n<div class=\"row mw-content-zone \">\n<div class=\"columns large-12\">\n<div class=\"row large-up-1 nbloc-1\">\n<div class=\"column zn-textblock-col\">\n<div class=\"column-inner\">\n<div class=\"wig-content mw-content\">\n<p>Download the brochure&nbsp;: <a href=\"https:\/\/www.km0.info\/wp-inside\/uploads\/2023\/07\/bts-audiovisuel-option-image-.pdf\">BTS AUDIOVISUEL OPTION IMAGE<\/a><\/p>\n<h4><strong>Are you interested in the audiovisual world&nbsp;? Do you dream of being behind the camera on a TV set&nbsp;?<\/strong><\/h4>\n<p>Get ready to plunge into a world full of action, creativity and exciting discoveries. Imagine yourself making movies, capturing precious moments and creating visual masterpieces that are sure to impress.<\/p>\n<p>In this BTS, you&#8217;ll learn the secrets of filming, editing, directing and much more&nbsp;! You&#8217;ll be supervised by experts in the field, who&#8217;ll guide you through this incredible cinematic adventure.<\/p>\n<p>&nbsp;<\/p>\n<h5><strong>Program&nbsp;:  <\/strong><\/h5>\n<ul>\n<li>Application techniques and practices<\/li>\n<li>Audiovisual and artistic culture<\/li>\n<li>Physical and technological sciences<\/li>\n<li>Law and management \/ professional environment<\/li>\n<li>Experiences and encounters<\/li>\n<li>Final year project<\/li>\n<\/ul>\n<p>&nbsp;<\/p>\n<h5><strong>Prerequisites and admission&nbsp;:<\/strong><\/h5>\n<p>The BTS Audiovisuel option Image is a 2-year course. It is accessible via continuing education outside Parcoursup. The registration procedure is carried out directly with the school.<\/p>\n<p>Entry to the BTS Audiovisuel option Image depends on both admission criteria (obtaining a baccalaur\u00e9at) and success in the following written selection tests, which will be held on the school&#8217;s premises on July 10, 2023.<\/p>\n<ul>\n<li>Science<\/li>\n<li>Artistic culture<\/li>\n<li>The editorial test<\/li>\n<li>Individual interviews<\/li>\n<\/ul>\n<p>&nbsp;<\/p>\n<p><strong>REGISTER before July 7 by sending an e-mail to <a href=\"mailto:contact@enovcampus.eu\">contact@enovcampus.eu<\/a>.<\/strong><\/p>\n<p>&nbsp;<\/p>\n<\/p><\/div>\n<\/p><\/div>\n<\/p><\/div>\n<\/p><\/div>\n<\/p><\/div>\n<\/p><\/div>\n<\/p><\/div>\n<\/div>\n<p><!-- \/flzn:zn_textblock --><\/p>\n","protected":false},"excerpt":{"rendered":"<p>Download the brochure&nbsp;: BTS AUDIOVISUEL OPTION IMAGE Are you interested in the audiovisual world&nbsp;? Do you dream of being behind the camera on a TV set&nbsp;? Get ready to plunge [&hellip;]<\/p>\n","protected":false},"author":8,"featured_media":10081,"comment_status":"closed","ping_status":"closed","sticky":false,"template":"","format":"standard","meta":{"_acf_changed":false,"footnotes":""},"categories":[46],"tags":[],"class_list":["post-10087","post","type-post","status-publish","format-standard","has-post-thumbnail","hentry","category-the-news-its-life-at-kmo","wp-sticky"],"acf":[],"yoast_head":"<!-- This site is optimized with the Yoast SEO plugin v27.5 - https:\/\/yoast.com\/product\/yoast-seo-wordpress\/ -->\n<title>\ud83d\udce2Opening of the BTS Audiovisual at KM\u00d8<\/title>\n<meta name=\"robots\" content=\"index, follow, max-snippet:-1, max-image-preview:large, max-video-preview:-1\" \/>\n<link rel=\"canonical\" href=\"https:\/\/www.km0.info\/en\/the-news-its-life-at-kmo\/%f0%9f%93%a2opening-of-the-bts-audiovisual-at-kmo\/\" \/>\n<meta property=\"og:locale\" content=\"en_US\" \/>\n<meta property=\"og:type\" content=\"article\" \/>\n<meta property=\"og:title\" content=\"\ud83d\udce2Opening of the BTS Audiovisual at KM\u00d8\" \/>\n<meta property=\"og:description\" content=\"Download the brochure&nbsp;: BTS AUDIOVISUEL OPTION IMAGE Are you interested in the audiovisual world&nbsp;? Do you dream of being behind the camera on a TV set&nbsp;? Get ready to plunge [&hellip;]\" \/>\n<meta property=\"og:url\" content=\"https:\/\/www.km0.info\/en\/the-news-its-life-at-kmo\/%f0%9f%93%a2opening-of-the-bts-audiovisual-at-kmo\/\" \/>\n<meta property=\"og:site_name\" content=\"KM\u00d8\" \/>\n<meta property=\"article:published_time\" content=\"2023-07-04T13:28:17+00:00\" \/>\n<meta property=\"og:image\" content=\"https:\/\/www.km0.info\/wp-inside\/uploads\/2023\/07\/capture-decran-2023-07-04-152645.jpg\" \/>\n\t<meta property=\"og:image:width\" content=\"616\" \/>\n\t<meta property=\"og:image:height\" content=\"412\" \/>\n\t<meta property=\"og:image:type\" content=\"image\/jpeg\" \/>\n<meta name=\"author\" content=\"Sol\u00e8ne Ludmann\" \/>\n<meta name=\"twitter:card\" content=\"summary_large_image\" \/>\n<meta name=\"twitter:label1\" content=\"Written by\" \/>\n\t<meta name=\"twitter:data1\" content=\"Sol\u00e8ne Ludmann\" \/>\n\t<meta name=\"twitter:label2\" content=\"Est. reading time\" \/>\n\t<meta name=\"twitter:data2\" content=\"1 minute\" \/>\n<script type=\"application\/ld+json\" class=\"yoast-schema-graph\">{\"@context\":\"https:\\\/\\\/schema.org\",\"@graph\":[{\"@type\":\"Article\",\"@id\":\"https:\\\/\\\/www.km0.info\\\/en\\\/the-news-its-life-at-kmo\\\/%f0%9f%93%a2opening-of-the-bts-audiovisual-at-kmo\\\/#article\",\"isPartOf\":{\"@id\":\"https:\\\/\\\/www.km0.info\\\/en\\\/the-news-its-life-at-kmo\\\/%f0%9f%93%a2opening-of-the-bts-audiovisual-at-kmo\\\/\"},\"author\":{\"name\":\"Sol\u00e8ne Ludmann\",\"@id\":\"https:\\\/\\\/www.km0.info\\\/en\\\/#\\\/schema\\\/person\\\/1692757813290617efe24077cc67eef7\"},\"headline\":\"\ud83d\udce2Opening of the BTS Audiovisual at KM\u00d8\",\"datePublished\":\"2023-07-04T13:28:17+00:00\",\"mainEntityOfPage\":{\"@id\":\"https:\\\/\\\/www.km0.info\\\/en\\\/the-news-its-life-at-kmo\\\/%f0%9f%93%a2opening-of-the-bts-audiovisual-at-kmo\\\/\"},\"wordCount\":214,\"publisher\":{\"@id\":\"https:\\\/\\\/www.km0.info\\\/en\\\/#organization\"},\"image\":{\"@id\":\"https:\\\/\\\/www.km0.info\\\/en\\\/the-news-its-life-at-kmo\\\/%f0%9f%93%a2opening-of-the-bts-audiovisual-at-kmo\\\/#primaryimage\"},\"thumbnailUrl\":\"https:\\\/\\\/www.km0.info\\\/wp-inside\\\/uploads\\\/2023\\\/07\\\/capture-decran-2023-07-04-152645.jpg\",\"articleSection\":[\"The news: it's life at KM\u00d8!\"],\"inLanguage\":\"en-US\"},{\"@type\":\"WebPage\",\"@id\":\"https:\\\/\\\/www.km0.info\\\/en\\\/the-news-its-life-at-kmo\\\/%f0%9f%93%a2opening-of-the-bts-audiovisual-at-kmo\\\/\",\"url\":\"https:\\\/\\\/www.km0.info\\\/en\\\/the-news-its-life-at-kmo\\\/%f0%9f%93%a2opening-of-the-bts-audiovisual-at-kmo\\\/\",\"name\":\"\ud83d\udce2Opening of the BTS Audiovisual at KM\u00d8\",\"isPartOf\":{\"@id\":\"https:\\\/\\\/www.km0.info\\\/en\\\/#website\"},\"primaryImageOfPage\":{\"@id\":\"https:\\\/\\\/www.km0.info\\\/en\\\/the-news-its-life-at-kmo\\\/%f0%9f%93%a2opening-of-the-bts-audiovisual-at-kmo\\\/#primaryimage\"},\"image\":{\"@id\":\"https:\\\/\\\/www.km0.info\\\/en\\\/the-news-its-life-at-kmo\\\/%f0%9f%93%a2opening-of-the-bts-audiovisual-at-kmo\\\/#primaryimage\"},\"thumbnailUrl\":\"https:\\\/\\\/www.km0.info\\\/wp-inside\\\/uploads\\\/2023\\\/07\\\/capture-decran-2023-07-04-152645.jpg\",\"datePublished\":\"2023-07-04T13:28:17+00:00\",\"breadcrumb\":{\"@id\":\"https:\\\/\\\/www.km0.info\\\/en\\\/the-news-its-life-at-kmo\\\/%f0%9f%93%a2opening-of-the-bts-audiovisual-at-kmo\\\/#breadcrumb\"},\"inLanguage\":\"en-US\",\"potentialAction\":[{\"@type\":\"ReadAction\",\"target\":[\"https:\\\/\\\/www.km0.info\\\/en\\\/the-news-its-life-at-kmo\\\/%f0%9f%93%a2opening-of-the-bts-audiovisual-at-kmo\\\/\"]}]},{\"@type\":\"ImageObject\",\"inLanguage\":\"en-US\",\"@id\":\"https:\\\/\\\/www.km0.info\\\/en\\\/the-news-its-life-at-kmo\\\/%f0%9f%93%a2opening-of-the-bts-audiovisual-at-kmo\\\/#primaryimage\",\"url\":\"https:\\\/\\\/www.km0.info\\\/wp-inside\\\/uploads\\\/2023\\\/07\\\/capture-decran-2023-07-04-152645.jpg\",\"contentUrl\":\"https:\\\/\\\/www.km0.info\\\/wp-inside\\\/uploads\\\/2023\\\/07\\\/capture-decran-2023-07-04-152645.jpg\",\"width\":616,\"height\":412},{\"@type\":\"BreadcrumbList\",\"@id\":\"https:\\\/\\\/www.km0.info\\\/en\\\/the-news-its-life-at-kmo\\\/%f0%9f%93%a2opening-of-the-bts-audiovisual-at-kmo\\\/#breadcrumb\",\"itemListElement\":[{\"@type\":\"ListItem\",\"position\":1,\"name\":\"Accueil\",\"item\":\"https:\\\/\\\/www.km0.info\\\/en\\\/\"},{\"@type\":\"ListItem\",\"position\":2,\"name\":\"Uncategorized\",\"item\":\"https:\\\/\\\/www.km0.info\\\/en\\\/uncategorized\\\/\"},{\"@type\":\"ListItem\",\"position\":3,\"name\":\"\ud83d\udce2Opening of the BTS Audiovisual at KM\u00d8\"}]},{\"@type\":\"WebSite\",\"@id\":\"https:\\\/\\\/www.km0.info\\\/en\\\/#website\",\"url\":\"https:\\\/\\\/www.km0.info\\\/en\\\/\",\"name\":\"KM\u00d8\",\"description\":\"Lieu d&#039;innovation d\u00e9di\u00e9 \u00e0 la transformation digitale de l&#039;industrie\",\"publisher\":{\"@id\":\"https:\\\/\\\/www.km0.info\\\/en\\\/#organization\"},\"potentialAction\":[{\"@type\":\"SearchAction\",\"target\":{\"@type\":\"EntryPoint\",\"urlTemplate\":\"https:\\\/\\\/www.km0.info\\\/en\\\/?s={search_term_string}\"},\"query-input\":{\"@type\":\"PropertyValueSpecification\",\"valueRequired\":true,\"valueName\":\"search_term_string\"}}],\"inLanguage\":\"en-US\"},{\"@type\":\"Organization\",\"@id\":\"https:\\\/\\\/www.km0.info\\\/en\\\/#organization\",\"name\":\"KM\u00d8\",\"url\":\"https:\\\/\\\/www.km0.info\\\/en\\\/\",\"logo\":{\"@type\":\"ImageObject\",\"inLanguage\":\"en-US\",\"@id\":\"https:\\\/\\\/www.km0.info\\\/en\\\/#\\\/schema\\\/logo\\\/image\\\/\",\"url\":\"https:\\\/\\\/www.km0.info\\\/wp-inside\\\/uploads\\\/2020\\\/10\\\/logo-km0-quadri-200x155-1.png\",\"contentUrl\":\"https:\\\/\\\/www.km0.info\\\/wp-inside\\\/uploads\\\/2020\\\/10\\\/logo-km0-quadri-200x155-1.png\",\"width\":200,\"height\":155,\"caption\":\"KM\u00d8\"},\"image\":{\"@id\":\"https:\\\/\\\/www.km0.info\\\/en\\\/#\\\/schema\\\/logo\\\/image\\\/\"}},{\"@type\":\"Person\",\"@id\":\"https:\\\/\\\/www.km0.info\\\/en\\\/#\\\/schema\\\/person\\\/1692757813290617efe24077cc67eef7\",\"name\":\"Sol\u00e8ne Ludmann\",\"image\":{\"@type\":\"ImageObject\",\"inLanguage\":\"en-US\",\"@id\":\"https:\\\/\\\/secure.gravatar.com\\\/avatar\\\/30358dc6bcdc03febb9007ebf6f3b8172dadedb787c8162b7c612c30f11fef3b?s=96&d=mm&r=g\",\"url\":\"https:\\\/\\\/secure.gravatar.com\\\/avatar\\\/30358dc6bcdc03febb9007ebf6f3b8172dadedb787c8162b7c612c30f11fef3b?s=96&d=mm&r=g\",\"contentUrl\":\"https:\\\/\\\/secure.gravatar.com\\\/avatar\\\/30358dc6bcdc03febb9007ebf6f3b8172dadedb787c8162b7c612c30f11fef3b?s=96&d=mm&r=g\",\"caption\":\"Sol\u00e8ne Ludmann\"}}]}<\/script>\n<!-- \/ Yoast SEO plugin. -->","yoast_head_json":{"title":"\ud83d\udce2Opening of the BTS Audiovisual at KM\u00d8","robots":{"index":"index","follow":"follow","max-snippet":"max-snippet:-1","max-image-preview":"max-image-preview:large","max-video-preview":"max-video-preview:-1"},"canonical":"https:\/\/www.km0.info\/en\/the-news-its-life-at-kmo\/%f0%9f%93%a2opening-of-the-bts-audiovisual-at-kmo\/","og_locale":"en_US","og_type":"article","og_title":"\ud83d\udce2Opening of the BTS Audiovisual at KM\u00d8","og_description":"Download the brochure&nbsp;: BTS AUDIOVISUEL OPTION IMAGE Are you interested in the audiovisual world&nbsp;? Do you dream of being behind the camera on a TV set&nbsp;? Get ready to plunge [&hellip;]","og_url":"https:\/\/www.km0.info\/en\/the-news-its-life-at-kmo\/%f0%9f%93%a2opening-of-the-bts-audiovisual-at-kmo\/","og_site_name":"KM\u00d8","article_published_time":"2023-07-04T13:28:17+00:00","og_image":[{"width":616,"height":412,"url":"https:\/\/www.km0.info\/wp-inside\/uploads\/2023\/07\/capture-decran-2023-07-04-152645.jpg","type":"image\/jpeg"}],"author":"Sol\u00e8ne Ludmann","twitter_card":"summary_large_image","twitter_misc":{"Written by":"Sol\u00e8ne Ludmann","Est. reading time":"1 minute"},"schema":{"@context":"https:\/\/schema.org","@graph":[{"@type":"Article","@id":"https:\/\/www.km0.info\/en\/the-news-its-life-at-kmo\/%f0%9f%93%a2opening-of-the-bts-audiovisual-at-kmo\/#article","isPartOf":{"@id":"https:\/\/www.km0.info\/en\/the-news-its-life-at-kmo\/%f0%9f%93%a2opening-of-the-bts-audiovisual-at-kmo\/"},"author":{"name":"Sol\u00e8ne Ludmann","@id":"https:\/\/www.km0.info\/en\/#\/schema\/person\/1692757813290617efe24077cc67eef7"},"headline":"\ud83d\udce2Opening of the BTS Audiovisual at KM\u00d8","datePublished":"2023-07-04T13:28:17+00:00","mainEntityOfPage":{"@id":"https:\/\/www.km0.info\/en\/the-news-its-life-at-kmo\/%f0%9f%93%a2opening-of-the-bts-audiovisual-at-kmo\/"},"wordCount":214,"publisher":{"@id":"https:\/\/www.km0.info\/en\/#organization"},"image":{"@id":"https:\/\/www.km0.info\/en\/the-news-its-life-at-kmo\/%f0%9f%93%a2opening-of-the-bts-audiovisual-at-kmo\/#primaryimage"},"thumbnailUrl":"https:\/\/www.km0.info\/wp-inside\/uploads\/2023\/07\/capture-decran-2023-07-04-152645.jpg","articleSection":["The news: it's life at KM\u00d8!"],"inLanguage":"en-US"},{"@type":"WebPage","@id":"https:\/\/www.km0.info\/en\/the-news-its-life-at-kmo\/%f0%9f%93%a2opening-of-the-bts-audiovisual-at-kmo\/","url":"https:\/\/www.km0.info\/en\/the-news-its-life-at-kmo\/%f0%9f%93%a2opening-of-the-bts-audiovisual-at-kmo\/","name":"\ud83d\udce2Opening of the BTS Audiovisual at KM\u00d8","isPartOf":{"@id":"https:\/\/www.km0.info\/en\/#website"},"primaryImageOfPage":{"@id":"https:\/\/www.km0.info\/en\/the-news-its-life-at-kmo\/%f0%9f%93%a2opening-of-the-bts-audiovisual-at-kmo\/#primaryimage"},"image":{"@id":"https:\/\/www.km0.info\/en\/the-news-its-life-at-kmo\/%f0%9f%93%a2opening-of-the-bts-audiovisual-at-kmo\/#primaryimage"},"thumbnailUrl":"https:\/\/www.km0.info\/wp-inside\/uploads\/2023\/07\/capture-decran-2023-07-04-152645.jpg","datePublished":"2023-07-04T13:28:17+00:00","breadcrumb":{"@id":"https:\/\/www.km0.info\/en\/the-news-its-life-at-kmo\/%f0%9f%93%a2opening-of-the-bts-audiovisual-at-kmo\/#breadcrumb"},"inLanguage":"en-US","potentialAction":[{"@type":"ReadAction","target":["https:\/\/www.km0.info\/en\/the-news-its-life-at-kmo\/%f0%9f%93%a2opening-of-the-bts-audiovisual-at-kmo\/"]}]},{"@type":"ImageObject","inLanguage":"en-US","@id":"https:\/\/www.km0.info\/en\/the-news-its-life-at-kmo\/%f0%9f%93%a2opening-of-the-bts-audiovisual-at-kmo\/#primaryimage","url":"https:\/\/www.km0.info\/wp-inside\/uploads\/2023\/07\/capture-decran-2023-07-04-152645.jpg","contentUrl":"https:\/\/www.km0.info\/wp-inside\/uploads\/2023\/07\/capture-decran-2023-07-04-152645.jpg","width":616,"height":412},{"@type":"BreadcrumbList","@id":"https:\/\/www.km0.info\/en\/the-news-its-life-at-kmo\/%f0%9f%93%a2opening-of-the-bts-audiovisual-at-kmo\/#breadcrumb","itemListElement":[{"@type":"ListItem","position":1,"name":"Accueil","item":"https:\/\/www.km0.info\/en\/"},{"@type":"ListItem","position":2,"name":"Uncategorized","item":"https:\/\/www.km0.info\/en\/uncategorized\/"},{"@type":"ListItem","position":3,"name":"\ud83d\udce2Opening of the BTS Audiovisual at KM\u00d8"}]},{"@type":"WebSite","@id":"https:\/\/www.km0.info\/en\/#website","url":"https:\/\/www.km0.info\/en\/","name":"KM\u00d8","description":"Lieu d&#039;innovation d\u00e9di\u00e9 \u00e0 la transformation digitale de l&#039;industrie","publisher":{"@id":"https:\/\/www.km0.info\/en\/#organization"},"potentialAction":[{"@type":"SearchAction","target":{"@type":"EntryPoint","urlTemplate":"https:\/\/www.km0.info\/en\/?s={search_term_string}"},"query-input":{"@type":"PropertyValueSpecification","valueRequired":true,"valueName":"search_term_string"}}],"inLanguage":"en-US"},{"@type":"Organization","@id":"https:\/\/www.km0.info\/en\/#organization","name":"KM\u00d8","url":"https:\/\/www.km0.info\/en\/","logo":{"@type":"ImageObject","inLanguage":"en-US","@id":"https:\/\/www.km0.info\/en\/#\/schema\/logo\/image\/","url":"https:\/\/www.km0.info\/wp-inside\/uploads\/2020\/10\/logo-km0-quadri-200x155-1.png","contentUrl":"https:\/\/www.km0.info\/wp-inside\/uploads\/2020\/10\/logo-km0-quadri-200x155-1.png","width":200,"height":155,"caption":"KM\u00d8"},"image":{"@id":"https:\/\/www.km0.info\/en\/#\/schema\/logo\/image\/"}},{"@type":"Person","@id":"https:\/\/www.km0.info\/en\/#\/schema\/person\/1692757813290617efe24077cc67eef7","name":"Sol\u00e8ne Ludmann","image":{"@type":"ImageObject","inLanguage":"en-US","@id":"https:\/\/secure.gravatar.com\/avatar\/30358dc6bcdc03febb9007ebf6f3b8172dadedb787c8162b7c612c30f11fef3b?s=96&d=mm&r=g","url":"https:\/\/secure.gravatar.com\/avatar\/30358dc6bcdc03febb9007ebf6f3b8172dadedb787c8162b7c612c30f11fef3b?s=96&d=mm&r=g","contentUrl":"https:\/\/secure.gravatar.com\/avatar\/30358dc6bcdc03febb9007ebf6f3b8172dadedb787c8162b7c612c30f11fef3b?s=96&d=mm&r=g","caption":"Sol\u00e8ne Ludmann"}}]}},"_links":{"self":[{"href":"https:\/\/www.km0.info\/en\/wp-json\/wp\/v2\/posts\/10087","targetHints":{"allow":["GET"]}}],"collection":[{"href":"https:\/\/www.km0.info\/en\/wp-json\/wp\/v2\/posts"}],"about":[{"href":"https:\/\/www.km0.info\/en\/wp-json\/wp\/v2\/types\/post"}],"author":[{"embeddable":true,"href":"https:\/\/www.km0.info\/en\/wp-json\/wp\/v2\/users\/8"}],"replies":[{"embeddable":true,"href":"https:\/\/www.km0.info\/en\/wp-json\/wp\/v2\/comments?post=10087"}],"version-history":[{"count":0,"href":"https:\/\/www.km0.info\/en\/wp-json\/wp\/v2\/posts\/10087\/revisions"}],"wp:featuredmedia":[{"embeddable":true,"href":"https:\/\/www.km0.info\/en\/wp-json\/wp\/v2\/media\/10081"}],"wp:attachment":[{"href":"https:\/\/www.km0.info\/en\/wp-json\/wp\/v2\/media?parent=10087"}],"wp:term":[{"taxonomy":"category","embeddable":true,"href":"https:\/\/www.km0.info\/en\/wp-json\/wp\/v2\/categories?post=10087"},{"taxonomy":"post_tag","embeddable":true,"href":"https:\/\/www.km0.info\/en\/wp-json\/wp\/v2\/tags?post=10087"}],"curies":[{"name":"wp","href":"https:\/\/api.w.org\/{rel}","templated":true}]}}