{"id":9298,"date":"2023-02-21T15:53:45","date_gmt":"2023-02-21T14:53:45","guid":{"rendered":"https:\/\/www.km0.info\/actualites\/erste-einwohner-in-kmo-angesiedelt\/"},"modified":"2023-02-21T15:53:45","modified_gmt":"2023-02-21T14:53:45","slug":"erste-einwohner-in-kmo-angesiedelt","status":"publish","type":"post","link":"https:\/\/www.km0.info\/de\/unkategorisiert\/erste-einwohner-in-kmo-angesiedelt\/","title":{"rendered":"Erste Einwohner in KM\u00d8 angesiedelt!"},"content":{"rendered":"<p><!-- flzn:zn_textblock --><\/p>\n<div id=\"flzn-textblock-1\" class=\"zn zone zn-textblock\">\n<div class=\"zone-block zn-textblock-block va-top\">\n<div class=\"row mw-content-zone \">\n<div class=\"columns large-12\">\n<div class=\"row large-up-1 nbloc-1\">\n<div class=\"column zn-textblock-col\">\n<div class=\"column-inner\">\n<div class=\"wig-content mw-content\">\n<p><strong>Die Bauarbeiten an Geb\u00e4ude 23 sind offiziell beendet und einige B\u00fcros sind bereits bezogen. Einige unver\u00f6ffentlichte Fotos unten&nbsp;!<\/strong><\/p>\n<h2>Die Ausbildung Digitale Linie<\/h2>\n<p>Die Sch\u00fclerinnen und Sch\u00fcler der Digitalen Linie haben ihre Unterrichtsr\u00e4ume in KM\u00d8. Seit 2016 fand die Ausbildung bei &#8220;&nbsp;KM\u00d8 Prototype&nbsp;&#8220; in der N\u00e4he des Bahnhofs statt.<\/p>\n<p>Diese Autodidakten mit einer Leidenschaft f\u00fcr digitale Medien (Webentwicklung, Grafikdesign, Fotografie&#8230;) absolvieren eine neunmonatige praktische Ausbildung, um ihre erworbenen Kenntnisse zu vertiefen und alle Schl\u00fcssel zu erhalten, um sich selbstst\u00e4ndig zu machen. Die folgenden Aufnahmen wurden \u00fcbrigens von Mehdi Boswingel gemacht, der aus dieser Ausbildung hervorgegangen ist.<\/p>\n<p><img decoding=\"async\" loading=\"lazy\" class=\"aligncenter wp-image-1713 size-full\" src=\"https:\/\/www.km0.info\/wp-inside\/uploads\/2019\/01\/formation-numerique-mulhouse.jpg\" alt=\"digitale Bildung\" width=\"1500\" height=\"2250\"> <img decoding=\"async\" loading=\"lazy\" class=\"aligncenter size-large wp-image-1714\" src=\"https:\/\/www.km0.info\/wp-inside\/uploads\/2019\/01\/ligne-numerique-km0-mulhouse-1024x683.jpg\" alt=\"digitale Linie km0\" width=\"1024\" height=\"683\"><\/p>\n<h2>Die KidsLab-Workshops<\/h2>\n<p>Junge Programmierlehrlinge im Alter von 7 bis 17 Jahren treffen sich nun bei KM\u00d8, um ihre Erfahrungen zu sammeln. Die folgenden Fotos stammen vom <a href=\"https:\/\/www.instagram.com\/kidslab_officiel\/\" target=\"_blank\" rel=\"noopener noreferrer\">Instagram-Account von KidsLab<\/a>.<\/p>\n<div id=\"attachment_1718\" class=\"wp-caption aligncenter\" style=\"width:100%;max-width:538px\"><img decoding=\"async\" loading=\"lazy\" class=\"size-full wp-image-1718\" src=\"https:\/\/www.km0.info\/wp-inside\/uploads\/2019\/01\/emmenagement-kidslab.jpg\" alt=\"\" width=\"538\" height=\"539\"><\/p>\n<p class=\"wp-caption-text\">Wir ziehen ein<\/p>\n<\/div>\n<div id=\"attachment_1717\" class=\"wp-caption aligncenter\" style=\"width:100%;max-width:540px\"><img decoding=\"async\" loading=\"lazy\" class=\"size-full wp-image-1717\" src=\"https:\/\/www.km0.info\/wp-inside\/uploads\/2019\/01\/kidslab-km0.jpg\" alt=\"kidslab km0 mulhouse\" width=\"540\" height=\"539\"><\/p>\n<p class=\"wp-caption-text\">Es ist soweit, der Raum ist fertig&nbsp;!<\/p>\n<\/div>\n<blockquote>\n<p>Ligne Num\u00e9rique und KidsLab sind Teil des Vereins <a href=\"https:\/\/www.enovcampus.eu\/\" target=\"_blank\" rel=\"noopener noreferrer\">e-nov Campus<\/a>, der eigentlich nicht endg\u00fcltig in diesen B\u00fcros untergebracht ist, da sie langfristig im <strong>Dorf der Startups<\/strong> untergebracht werden sollen, in Fortsetzung des frisch renovierten Geb\u00e4udes&nbsp;: n\u00e4chste Baustelle von KM\u00d8&nbsp;!<\/p>\n<\/blockquote>\n<h2>Das Unternehmen Premi\u00e8re Place<\/h2>\n<p><a href=\"https:\/\/www.premiere-place.com\/\" target=\"_blank\" rel=\"noopener noreferrer\">Premi\u00e8re Place<\/a> stellte seine Kisten ab und baute seine M\u00f6bel (viele M\u00f6bel&nbsp;!) in einem gro\u00dfen Gro\u00dfraumb\u00fcro auf, das aus einem B\u00fcrobereich, einem Entspannungsbereich und zwei Besprechungsr\u00e4umen bestand.<\/p>\n<p>Premi\u00e8re Place ist eine Agentur f\u00fcr E-Marketing-Strategie, die seit \u00fcber 10 Jahren in Mulhouse ans\u00e4ssig ist.<\/p>\n<div id=\"attachment_1719\" class=\"wp-caption aligncenter\" style=\"width:100%;max-width:1024px\"><img decoding=\"async\" loading=\"lazy\" class=\"size-large wp-image-1719\" src=\"https:\/\/www.km0.info\/wp-inside\/uploads\/2019\/01\/installation-premiere-place-km0-1024x770.jpg\" alt=\"installation km0\" width=\"1024\" height=\"770\"><\/p>\n<p class=\"wp-caption-text\">Das ist mal was anderes als das Web&nbsp;!<\/p>\n<\/div>\n<div id=\"attachment_1720\" class=\"wp-caption aligncenter\" style=\"width:100%;max-width:1024px\"><img decoding=\"async\" loading=\"lazy\" class=\"size-large wp-image-1720\" src=\"https:\/\/www.km0.info\/wp-inside\/uploads\/2019\/01\/open-space-km0-1024x683.jpg\" alt=\"open space km0 mulhouse\" width=\"1024\" height=\"683\"><\/p>\n<p class=\"wp-caption-text\">Blick auf den Open Space vom Essbereich aus<\/p>\n<\/div>\n<div id=\"attachment_1721\" class=\"wp-caption aligncenter\" style=\"width:100%;max-width:1024px\"><img decoding=\"async\" loading=\"lazy\" class=\"size-large wp-image-1721\" src=\"https:\/\/www.km0.info\/wp-inside\/uploads\/2019\/01\/equipe-premiere-place-km0-1024x683.jpg\" alt=\"agentur premier place mulhouse\" width=\"1024\" height=\"683\"><\/p>\n<p class=\"wp-caption-text\">Ein Teil des Teams &#8211; \u00a9 <a href=\"http:\/\/mehdiboswingel.com\/\" target=\"_blank\" rel=\"noopener noreferrer\">Mehdi Boswingel<\/a><\/p>\n<\/div>\n<p>In den n\u00e4chsten Wochen werden die anderen Bewohner nach und nach einziehen.<\/p>\n<p>Es ist soweit, KM\u00d8, es geht los&nbsp;!<\/p>\n<p style=\"text-align: center;\"><a class=\"btn-content\" href=\"https:\/\/www.km0.info\/occupants\/\">Sehen Sie sich die vollst\u00e4ndige Liste aller Firmen und Ausbildungsberufe in KM\u00d8 an.<\/a><\/p>\n<\/p><\/div>\n<\/p><\/div>\n<\/p><\/div>\n<\/p><\/div>\n<\/p><\/div>\n<\/p><\/div>\n<\/p><\/div>\n<\/div>\n<p><!-- \/flzn:zn_textblock --><\/p>\n","protected":false},"excerpt":{"rendered":"<p>Die Bauarbeiten an Geb\u00e4ude 23 sind offiziell beendet und einige B\u00fcros sind bereits bezogen. Einige unver\u00f6ffentlichte Fotos unten&nbsp;! Die Ausbildung Digitale Linie Die Sch\u00fclerinnen und Sch\u00fcler der Digitalen Linie haben [&hellip;]<\/p>\n","protected":false},"author":2,"featured_media":7536,"comment_status":"closed","ping_status":"closed","sticky":false,"template":"","format":"standard","meta":{"_acf_changed":false,"footnotes":""},"categories":[41],"tags":[],"class_list":["post-9298","post","type-post","status-publish","format-standard","has-post-thumbnail","hentry","category-unkategorisiert","wp-sticky"],"acf":[],"yoast_head":"<!-- This site is optimized with the Yoast SEO plugin v27.5 - https:\/\/yoast.com\/product\/yoast-seo-wordpress\/ -->\n<title>Erste Einwohner in KM\u00d8 angesiedelt!<\/title>\n<meta name=\"robots\" content=\"index, follow, max-snippet:-1, max-image-preview:large, max-video-preview:-1\" \/>\n<link rel=\"canonical\" href=\"https:\/\/www.km0.info\/de\/unkategorisiert\/erste-einwohner-in-kmo-angesiedelt\/\" \/>\n<meta property=\"og:locale\" content=\"de_DE\" \/>\n<meta property=\"og:type\" content=\"article\" \/>\n<meta property=\"og:title\" content=\"Erste Einwohner in KM\u00d8 angesiedelt!\" \/>\n<meta property=\"og:description\" content=\"Die Bauarbeiten an Geb\u00e4ude 23 sind offiziell beendet und einige B\u00fcros sind bereits bezogen. Einige unver\u00f6ffentlichte Fotos unten&nbsp;! Die Ausbildung Digitale Linie Die Sch\u00fclerinnen und Sch\u00fcler der Digitalen Linie haben [&hellip;]\" \/>\n<meta property=\"og:url\" content=\"https:\/\/www.km0.info\/de\/unkategorisiert\/erste-einwohner-in-kmo-angesiedelt\/\" \/>\n<meta property=\"og:site_name\" content=\"KM\u00d8\" \/>\n<meta property=\"article:published_time\" content=\"2023-02-21T14:53:45+00:00\" \/>\n<meta property=\"og:image\" content=\"https:\/\/www.km0.info\/wp-inside\/uploads\/2019\/01\/open-space-km0.jpg\" \/>\n\t<meta property=\"og:image:width\" content=\"1500\" \/>\n\t<meta property=\"og:image:height\" content=\"1000\" \/>\n\t<meta property=\"og:image:type\" content=\"image\/jpeg\" \/>\n<meta name=\"author\" content=\"Equipe KM0\" \/>\n<meta name=\"twitter:card\" content=\"summary_large_image\" \/>\n<meta name=\"twitter:label1\" content=\"Verfasst von\" \/>\n\t<meta name=\"twitter:data1\" content=\"Equipe KM0\" \/>\n\t<meta name=\"twitter:label2\" content=\"Gesch\u00e4tzte Lesezeit\" \/>\n\t<meta name=\"twitter:data2\" content=\"2\u00a0Minuten\" \/>\n<script type=\"application\/ld+json\" class=\"yoast-schema-graph\">{\"@context\":\"https:\\\/\\\/schema.org\",\"@graph\":[{\"@type\":\"Article\",\"@id\":\"https:\\\/\\\/www.km0.info\\\/de\\\/unkategorisiert\\\/erste-einwohner-in-kmo-angesiedelt\\\/#article\",\"isPartOf\":{\"@id\":\"https:\\\/\\\/www.km0.info\\\/de\\\/unkategorisiert\\\/erste-einwohner-in-kmo-angesiedelt\\\/\"},\"author\":{\"name\":\"Equipe KM0\",\"@id\":\"https:\\\/\\\/www.km0.info\\\/de\\\/#\\\/schema\\\/person\\\/0fb8ab3bf26123f53a131250d589dba3\"},\"headline\":\"Erste Einwohner in KM\u00d8 angesiedelt!\",\"datePublished\":\"2023-02-21T14:53:45+00:00\",\"mainEntityOfPage\":{\"@id\":\"https:\\\/\\\/www.km0.info\\\/de\\\/unkategorisiert\\\/erste-einwohner-in-kmo-angesiedelt\\\/\"},\"wordCount\":313,\"publisher\":{\"@id\":\"https:\\\/\\\/www.km0.info\\\/de\\\/#organization\"},\"image\":{\"@id\":\"https:\\\/\\\/www.km0.info\\\/de\\\/unkategorisiert\\\/erste-einwohner-in-kmo-angesiedelt\\\/#primaryimage\"},\"thumbnailUrl\":\"https:\\\/\\\/www.km0.info\\\/wp-inside\\\/uploads\\\/2019\\\/01\\\/open-space-km0.jpg\",\"articleSection\":[\"Unkategorisiert\"],\"inLanguage\":\"de\"},{\"@type\":\"WebPage\",\"@id\":\"https:\\\/\\\/www.km0.info\\\/de\\\/unkategorisiert\\\/erste-einwohner-in-kmo-angesiedelt\\\/\",\"url\":\"https:\\\/\\\/www.km0.info\\\/de\\\/unkategorisiert\\\/erste-einwohner-in-kmo-angesiedelt\\\/\",\"name\":\"Erste Einwohner in KM\u00d8 angesiedelt!\",\"isPartOf\":{\"@id\":\"https:\\\/\\\/www.km0.info\\\/de\\\/#website\"},\"primaryImageOfPage\":{\"@id\":\"https:\\\/\\\/www.km0.info\\\/de\\\/unkategorisiert\\\/erste-einwohner-in-kmo-angesiedelt\\\/#primaryimage\"},\"image\":{\"@id\":\"https:\\\/\\\/www.km0.info\\\/de\\\/unkategorisiert\\\/erste-einwohner-in-kmo-angesiedelt\\\/#primaryimage\"},\"thumbnailUrl\":\"https:\\\/\\\/www.km0.info\\\/wp-inside\\\/uploads\\\/2019\\\/01\\\/open-space-km0.jpg\",\"datePublished\":\"2023-02-21T14:53:45+00:00\",\"breadcrumb\":{\"@id\":\"https:\\\/\\\/www.km0.info\\\/de\\\/unkategorisiert\\\/erste-einwohner-in-kmo-angesiedelt\\\/#breadcrumb\"},\"inLanguage\":\"de\",\"potentialAction\":[{\"@type\":\"ReadAction\",\"target\":[\"https:\\\/\\\/www.km0.info\\\/de\\\/unkategorisiert\\\/erste-einwohner-in-kmo-angesiedelt\\\/\"]}]},{\"@type\":\"ImageObject\",\"inLanguage\":\"de\",\"@id\":\"https:\\\/\\\/www.km0.info\\\/de\\\/unkategorisiert\\\/erste-einwohner-in-kmo-angesiedelt\\\/#primaryimage\",\"url\":\"https:\\\/\\\/www.km0.info\\\/wp-inside\\\/uploads\\\/2019\\\/01\\\/open-space-km0.jpg\",\"contentUrl\":\"https:\\\/\\\/www.km0.info\\\/wp-inside\\\/uploads\\\/2019\\\/01\\\/open-space-km0.jpg\",\"width\":1500,\"height\":1000,\"caption\":\"Vue sur l'open space depuis l'espace restauration\"},{\"@type\":\"BreadcrumbList\",\"@id\":\"https:\\\/\\\/www.km0.info\\\/de\\\/unkategorisiert\\\/erste-einwohner-in-kmo-angesiedelt\\\/#breadcrumb\",\"itemListElement\":[{\"@type\":\"ListItem\",\"position\":1,\"name\":\"Accueil\",\"item\":\"https:\\\/\\\/www.km0.info\\\/de\\\/\"},{\"@type\":\"ListItem\",\"position\":2,\"name\":\"Unkategorisiert\",\"item\":\"https:\\\/\\\/www.km0.info\\\/de\\\/unkategorisiert\\\/\"},{\"@type\":\"ListItem\",\"position\":3,\"name\":\"Erste Einwohner in KM\u00d8 angesiedelt&#160;!\"}]},{\"@type\":\"WebSite\",\"@id\":\"https:\\\/\\\/www.km0.info\\\/de\\\/#website\",\"url\":\"https:\\\/\\\/www.km0.info\\\/de\\\/\",\"name\":\"KM\u00d8\",\"description\":\"Lieu d&#039;innovation d\u00e9di\u00e9 \u00e0 la transformation digitale de l&#039;industrie\",\"publisher\":{\"@id\":\"https:\\\/\\\/www.km0.info\\\/de\\\/#organization\"},\"potentialAction\":[{\"@type\":\"SearchAction\",\"target\":{\"@type\":\"EntryPoint\",\"urlTemplate\":\"https:\\\/\\\/www.km0.info\\\/de\\\/?s={search_term_string}\"},\"query-input\":{\"@type\":\"PropertyValueSpecification\",\"valueRequired\":true,\"valueName\":\"search_term_string\"}}],\"inLanguage\":\"de\"},{\"@type\":\"Organization\",\"@id\":\"https:\\\/\\\/www.km0.info\\\/de\\\/#organization\",\"name\":\"KM\u00d8\",\"url\":\"https:\\\/\\\/www.km0.info\\\/de\\\/\",\"logo\":{\"@type\":\"ImageObject\",\"inLanguage\":\"de\",\"@id\":\"https:\\\/\\\/www.km0.info\\\/de\\\/#\\\/schema\\\/logo\\\/image\\\/\",\"url\":\"https:\\\/\\\/www.km0.info\\\/wp-inside\\\/uploads\\\/2020\\\/10\\\/logo-km0-quadri-200x155-1.png\",\"contentUrl\":\"https:\\\/\\\/www.km0.info\\\/wp-inside\\\/uploads\\\/2020\\\/10\\\/logo-km0-quadri-200x155-1.png\",\"width\":200,\"height\":155,\"caption\":\"KM\u00d8\"},\"image\":{\"@id\":\"https:\\\/\\\/www.km0.info\\\/de\\\/#\\\/schema\\\/logo\\\/image\\\/\"}},{\"@type\":\"Person\",\"@id\":\"https:\\\/\\\/www.km0.info\\\/de\\\/#\\\/schema\\\/person\\\/0fb8ab3bf26123f53a131250d589dba3\",\"name\":\"Equipe KM0\",\"image\":{\"@type\":\"ImageObject\",\"inLanguage\":\"de\",\"@id\":\"https:\\\/\\\/secure.gravatar.com\\\/avatar\\\/a2557483713cbb9ae1c9e0a28ab15eb2e3417b482547f37b3efdef866cbeb15b?s=96&d=mm&r=g\",\"url\":\"https:\\\/\\\/secure.gravatar.com\\\/avatar\\\/a2557483713cbb9ae1c9e0a28ab15eb2e3417b482547f37b3efdef866cbeb15b?s=96&d=mm&r=g\",\"contentUrl\":\"https:\\\/\\\/secure.gravatar.com\\\/avatar\\\/a2557483713cbb9ae1c9e0a28ab15eb2e3417b482547f37b3efdef866cbeb15b?s=96&d=mm&r=g\",\"caption\":\"Equipe KM0\"},\"sameAs\":[\"km0_pp-adm\"]}]}<\/script>\n<!-- \/ Yoast SEO plugin. -->","yoast_head_json":{"title":"Erste Einwohner in KM\u00d8 angesiedelt!","robots":{"index":"index","follow":"follow","max-snippet":"max-snippet:-1","max-image-preview":"max-image-preview:large","max-video-preview":"max-video-preview:-1"},"canonical":"https:\/\/www.km0.info\/de\/unkategorisiert\/erste-einwohner-in-kmo-angesiedelt\/","og_locale":"de_DE","og_type":"article","og_title":"Erste Einwohner in KM\u00d8 angesiedelt!","og_description":"Die Bauarbeiten an Geb\u00e4ude 23 sind offiziell beendet und einige B\u00fcros sind bereits bezogen. Einige unver\u00f6ffentlichte Fotos unten&nbsp;! Die Ausbildung Digitale Linie Die Sch\u00fclerinnen und Sch\u00fcler der Digitalen Linie haben [&hellip;]","og_url":"https:\/\/www.km0.info\/de\/unkategorisiert\/erste-einwohner-in-kmo-angesiedelt\/","og_site_name":"KM\u00d8","article_published_time":"2023-02-21T14:53:45+00:00","og_image":[{"width":1500,"height":1000,"url":"https:\/\/www.km0.info\/wp-inside\/uploads\/2019\/01\/open-space-km0.jpg","type":"image\/jpeg"}],"author":"Equipe KM0","twitter_card":"summary_large_image","twitter_misc":{"Verfasst von":"Equipe KM0","Gesch\u00e4tzte Lesezeit":"2\u00a0Minuten"},"schema":{"@context":"https:\/\/schema.org","@graph":[{"@type":"Article","@id":"https:\/\/www.km0.info\/de\/unkategorisiert\/erste-einwohner-in-kmo-angesiedelt\/#article","isPartOf":{"@id":"https:\/\/www.km0.info\/de\/unkategorisiert\/erste-einwohner-in-kmo-angesiedelt\/"},"author":{"name":"Equipe KM0","@id":"https:\/\/www.km0.info\/de\/#\/schema\/person\/0fb8ab3bf26123f53a131250d589dba3"},"headline":"Erste Einwohner in KM\u00d8 angesiedelt!","datePublished":"2023-02-21T14:53:45+00:00","mainEntityOfPage":{"@id":"https:\/\/www.km0.info\/de\/unkategorisiert\/erste-einwohner-in-kmo-angesiedelt\/"},"wordCount":313,"publisher":{"@id":"https:\/\/www.km0.info\/de\/#organization"},"image":{"@id":"https:\/\/www.km0.info\/de\/unkategorisiert\/erste-einwohner-in-kmo-angesiedelt\/#primaryimage"},"thumbnailUrl":"https:\/\/www.km0.info\/wp-inside\/uploads\/2019\/01\/open-space-km0.jpg","articleSection":["Unkategorisiert"],"inLanguage":"de"},{"@type":"WebPage","@id":"https:\/\/www.km0.info\/de\/unkategorisiert\/erste-einwohner-in-kmo-angesiedelt\/","url":"https:\/\/www.km0.info\/de\/unkategorisiert\/erste-einwohner-in-kmo-angesiedelt\/","name":"Erste Einwohner in KM\u00d8 angesiedelt!","isPartOf":{"@id":"https:\/\/www.km0.info\/de\/#website"},"primaryImageOfPage":{"@id":"https:\/\/www.km0.info\/de\/unkategorisiert\/erste-einwohner-in-kmo-angesiedelt\/#primaryimage"},"image":{"@id":"https:\/\/www.km0.info\/de\/unkategorisiert\/erste-einwohner-in-kmo-angesiedelt\/#primaryimage"},"thumbnailUrl":"https:\/\/www.km0.info\/wp-inside\/uploads\/2019\/01\/open-space-km0.jpg","datePublished":"2023-02-21T14:53:45+00:00","breadcrumb":{"@id":"https:\/\/www.km0.info\/de\/unkategorisiert\/erste-einwohner-in-kmo-angesiedelt\/#breadcrumb"},"inLanguage":"de","potentialAction":[{"@type":"ReadAction","target":["https:\/\/www.km0.info\/de\/unkategorisiert\/erste-einwohner-in-kmo-angesiedelt\/"]}]},{"@type":"ImageObject","inLanguage":"de","@id":"https:\/\/www.km0.info\/de\/unkategorisiert\/erste-einwohner-in-kmo-angesiedelt\/#primaryimage","url":"https:\/\/www.km0.info\/wp-inside\/uploads\/2019\/01\/open-space-km0.jpg","contentUrl":"https:\/\/www.km0.info\/wp-inside\/uploads\/2019\/01\/open-space-km0.jpg","width":1500,"height":1000,"caption":"Vue sur l'open space depuis l'espace restauration"},{"@type":"BreadcrumbList","@id":"https:\/\/www.km0.info\/de\/unkategorisiert\/erste-einwohner-in-kmo-angesiedelt\/#breadcrumb","itemListElement":[{"@type":"ListItem","position":1,"name":"Accueil","item":"https:\/\/www.km0.info\/de\/"},{"@type":"ListItem","position":2,"name":"Unkategorisiert","item":"https:\/\/www.km0.info\/de\/unkategorisiert\/"},{"@type":"ListItem","position":3,"name":"Erste Einwohner in KM\u00d8 angesiedelt&#160;!"}]},{"@type":"WebSite","@id":"https:\/\/www.km0.info\/de\/#website","url":"https:\/\/www.km0.info\/de\/","name":"KM\u00d8","description":"Lieu d&#039;innovation d\u00e9di\u00e9 \u00e0 la transformation digitale de l&#039;industrie","publisher":{"@id":"https:\/\/www.km0.info\/de\/#organization"},"potentialAction":[{"@type":"SearchAction","target":{"@type":"EntryPoint","urlTemplate":"https:\/\/www.km0.info\/de\/?s={search_term_string}"},"query-input":{"@type":"PropertyValueSpecification","valueRequired":true,"valueName":"search_term_string"}}],"inLanguage":"de"},{"@type":"Organization","@id":"https:\/\/www.km0.info\/de\/#organization","name":"KM\u00d8","url":"https:\/\/www.km0.info\/de\/","logo":{"@type":"ImageObject","inLanguage":"de","@id":"https:\/\/www.km0.info\/de\/#\/schema\/logo\/image\/","url":"https:\/\/www.km0.info\/wp-inside\/uploads\/2020\/10\/logo-km0-quadri-200x155-1.png","contentUrl":"https:\/\/www.km0.info\/wp-inside\/uploads\/2020\/10\/logo-km0-quadri-200x155-1.png","width":200,"height":155,"caption":"KM\u00d8"},"image":{"@id":"https:\/\/www.km0.info\/de\/#\/schema\/logo\/image\/"}},{"@type":"Person","@id":"https:\/\/www.km0.info\/de\/#\/schema\/person\/0fb8ab3bf26123f53a131250d589dba3","name":"Equipe KM0","image":{"@type":"ImageObject","inLanguage":"de","@id":"https:\/\/secure.gravatar.com\/avatar\/a2557483713cbb9ae1c9e0a28ab15eb2e3417b482547f37b3efdef866cbeb15b?s=96&d=mm&r=g","url":"https:\/\/secure.gravatar.com\/avatar\/a2557483713cbb9ae1c9e0a28ab15eb2e3417b482547f37b3efdef866cbeb15b?s=96&d=mm&r=g","contentUrl":"https:\/\/secure.gravatar.com\/avatar\/a2557483713cbb9ae1c9e0a28ab15eb2e3417b482547f37b3efdef866cbeb15b?s=96&d=mm&r=g","caption":"Equipe KM0"},"sameAs":["km0_pp-adm"]}]}},"_links":{"self":[{"href":"https:\/\/www.km0.info\/de\/wp-json\/wp\/v2\/posts\/9298","targetHints":{"allow":["GET"]}}],"collection":[{"href":"https:\/\/www.km0.info\/de\/wp-json\/wp\/v2\/posts"}],"about":[{"href":"https:\/\/www.km0.info\/de\/wp-json\/wp\/v2\/types\/post"}],"author":[{"embeddable":true,"href":"https:\/\/www.km0.info\/de\/wp-json\/wp\/v2\/users\/2"}],"replies":[{"embeddable":true,"href":"https:\/\/www.km0.info\/de\/wp-json\/wp\/v2\/comments?post=9298"}],"version-history":[{"count":0,"href":"https:\/\/www.km0.info\/de\/wp-json\/wp\/v2\/posts\/9298\/revisions"}],"wp:featuredmedia":[{"embeddable":true,"href":"https:\/\/www.km0.info\/de\/wp-json\/wp\/v2\/media\/7536"}],"wp:attachment":[{"href":"https:\/\/www.km0.info\/de\/wp-json\/wp\/v2\/media?parent=9298"}],"wp:term":[{"taxonomy":"category","embeddable":true,"href":"https:\/\/www.km0.info\/de\/wp-json\/wp\/v2\/categories?post=9298"},{"taxonomy":"post_tag","embeddable":true,"href":"https:\/\/www.km0.info\/de\/wp-json\/wp\/v2\/tags?post=9298"}],"curies":[{"name":"wp","href":"https:\/\/api.w.org\/{rel}","templated":true}]}}