{"id":9091,"date":"2022-12-13T14:14:34","date_gmt":"2022-12-13T13:14:34","guid":{"rendered":"https:\/\/www.km0.info\/unkategorisiert\/immer-mehr-und-immer-bessere-unternehmer-entwickeln-die-vision-von-semia-dem-neuen-bewohner-des-kmo-david-lichtle\/"},"modified":"2022-12-13T14:14:34","modified_gmt":"2022-12-13T13:14:34","slug":"immer-mehr-und-immer-bessere-unternehmer-entwickeln-die-vision-von-semia-dem-neuen-bewohner-des-kmo-david-lichtle","status":"publish","type":"post","link":"https:\/\/www.km0.info\/de\/unkategorisiert\/immer-mehr-und-immer-bessere-unternehmer-entwickeln-die-vision-von-semia-dem-neuen-bewohner-des-kmo-david-lichtle\/","title":{"rendered":"&#8222;Immer mehr und immer bessere Unternehmer entwickeln&#8220;, die Vision von SEMIA, dem neuen Bewohner des KM\u00d8! David Lichtl\u00e9"},"content":{"rendered":"<p><!-- flzn:zn_textblock --><\/p>\n<div id=\"flzn-textblock-1\" class=\"zn zone zn-textblock\">\n<div class=\"zone-block zn-textblock-block alignwide va-top\">\n<div class=\"row mw-content-zone \">\n<div class=\"columns large-12\">\n<div class=\"row large-up-1 nbloc-1\">\n<div class=\"column zn-textblock-col\">\n<div class=\"column-inner\">\n<div class=\"wig-content mw-content\">\n<p>David Lichtl\u00e9 (unten), Startup-Manager und Unternehmer, der f\u00fcr SEMIA Mulhouse eingestellt wurde, stellt die Ankunft von SEMIA im KM\u00d8, dem ersten Inkubator f\u00fcr Startups im Elsass, vor.<\/p>\n<p>Diese Vereinsstruktur wurde vor 21 Jahren mit dem Ziel gegr\u00fcndet, die Gr\u00fcndung innovativer Unternehmen auf der Grundlage \u00f6ffentlicher Forschung zu erleichtern. Ihre Aufgabe richtet sich dann auf Forscher, Doktoranden, die an bahnbrechenden Technologien arbeiten, die zu vollwertigen Unternehmen werden k\u00f6nnen, die von der Vermarktung ihres Produkts leben. Heute ist der Inkubator allgemein verbreitet und begleitet alle Arten von Unternehmern, von denen mehr als die H\u00e4lfte in den Bereichen Digitales und Dienstleistungen t\u00e4tig sind.<\/p>\n<p><img decoding=\"async\" loading=\"lazy\" class=\" wp-image-4540 aligncenter\" src=\"https:\/\/www.km0.info\/wp-inside\/uploads\/2020\/11\/david-semia.jpg\" alt=\"\" width=\"547\" height=\"410\" srcset=\"https:\/\/www.km0.info\/wp-inside\/uploads\/2020\/11\/david-semia.jpg 1000w, https:\/\/www.km0.info\/wp-inside\/uploads\/2020\/11\/david-semia-300x225.jpg 300w, https:\/\/www.km0.info\/wp-inside\/uploads\/2020\/11\/david-semia-768x576.jpg 768w, https:\/\/www.km0.info\/wp-inside\/uploads\/2020\/11\/david-semia-115x86.jpg 115w, https:\/\/www.km0.info\/wp-inside\/uploads\/2020\/11\/david-semia-320x240.jpg 320w, https:\/\/www.km0.info\/wp-inside\/uploads\/2020\/11\/david-semia-800x600.jpg 800w\" sizes=\"auto, (max-width: 547px) 100vw, 547px\"><\/p>\n<h2>Ein echter Austausch im KM\u00d8&nbsp;!<\/h2>\n<p>Bevor SEMIA Mulhouse seine B\u00fcros in der Maschinenhalle des KM\u00d8 einrichtete, hatte das Village by CA, Bewohner des KM\u00d8, SEMIA in seinen R\u00e4umlichkeiten empfangen. Daraufhin entstand eine Synergie zwischen den beiden Einheiten. SEMIA ist n\u00e4mlich an der Auswahl der Projekte im Village beteiligt und kann auch Startups aufnehmen, die aus dem Inkubationsprogramm kommen. Letztere haben auch die M\u00f6glichkeit, sich Grand e-nov anzuschlie\u00dfen, einer regionalen Innovationsagentur und ebenfalls Habitante des KM\u00d8, die mit ihrem Beschleunigungsprogramm Scal&#8217;E-nov auf die am weitesten fortgeschrittenen Startups abzielt.<\/p>\n<p>Da der Inkubator \u00fcber ein international anerkanntes Fachwissen zu diesem Thema verf\u00fcgt, zieht er Projekte aus den USA, der Schweiz oder sogar aus Israel an, die sich von SEMIA im Elsass begleiten lassen wollen.<\/p>\n<p>Die Betreuungsarbeit von SEMIA beruht auf drei S\u00e4ulen, um Unternehmern zu helfen, ihr Unternehmen mit einem Minimum an Risiko zu entwickeln&nbsp;: Methode, Mittel und Kultur.<\/p>\n<h2>Das SEMIA-Inkubationsprogramm<\/h2>\n<p>Mit 400 Bewerbungen pro Jahr und 60 ausgew\u00e4hlten Inkubatoren pro Jahr basiert die Auswahl der Startups auf drei spezifischen Kriterien&nbsp;: ein Proof of Concept, die F\u00e4higkeit, seinen Markt zu treffen sowie die Haltung und Risikobereitschaft des Unternehmers.<\/p>\n<p>&#8220;&nbsp;Ippon&nbsp;&#8222;, so der Name des Jahrgangs dieses Jahresendes, der aus 5 Projekten besteht, folgt dem Programm von SEMIA, das in 2 Phasen abl\u00e4uft&nbsp;:<\/p>\n<p>In der ersten Inkubationsphase, die als kollektive Phase bezeichnet wird und Starter Class hei\u00dft, wird drei Monate lang eine Klasse von maximal 10 Startups aufgenommen, w\u00e4hrend der das Team am Zusammenhalt der Gruppe, an Synergien und am Gemeinschaftsaspekt der Unternehmer arbeitet.<\/p>\n<p>SEMIA konzentriert sich in dieser ersten Phase auf die Praxis und f\u00fchrt mehrere Workshops durch, z. B. zu den Themen Marktzugangsstrategien, Produkt, Marketing und Gesch\u00e4ft, unterst\u00fctzt durch die wertvolle Hilfe von Experten wie Anthony Debock von der Firma Posity (auf dem Foto in Rot), dem Expertenreferenten der Promo und Startup im Bereich Videospiele.<\/p>\n<p>&nbsp;<\/p>\n<p>Die zweite Phase, die sogenannte individuelle Phase, erstreckt sich \u00fcber 18 bis 24 Monate. Die Startups arbeiten in dieser Zeit mit einem Manager von SEMIA zusammen. Die Rekrutierung des Teams basiert auf dem unternehmerischen Hintergrund der Mitarbeiter, um eine Komplementarit\u00e4t der einzelnen Fachkenntnisse zu schaffen.<\/p>\n<p><img decoding=\"async\" loading=\"lazy\" class=\" wp-image-4538 aligncenter\" src=\"https:\/\/www.km0.info\/wp-inside\/uploads\/2020\/11\/semia-starter.jpg\" alt=\"\" width=\"584\" height=\"438\" srcset=\"https:\/\/www.km0.info\/wp-inside\/uploads\/2020\/11\/semia-starter.jpg 1000w, https:\/\/www.km0.info\/wp-inside\/uploads\/2020\/11\/semia-starter-300x225.jpg 300w, https:\/\/www.km0.info\/wp-inside\/uploads\/2020\/11\/semia-starter-768x576.jpg 768w, https:\/\/www.km0.info\/wp-inside\/uploads\/2020\/11\/semia-starter-115x86.jpg 115w, https:\/\/www.km0.info\/wp-inside\/uploads\/2020\/11\/semia-starter-320x240.jpg 320w, https:\/\/www.km0.info\/wp-inside\/uploads\/2020\/11\/semia-starter-800x600.jpg 800w\" sizes=\"auto, (max-width: 584px) 100vw, 584px\"> <img decoding=\"async\" loading=\"lazy\" class=\" wp-image-4536 aligncenter\" src=\"https:\/\/www.km0.info\/wp-inside\/uploads\/2020\/11\/semia-class.jpg\" alt=\"\" width=\"581\" height=\"436\" srcset=\"https:\/\/www.km0.info\/wp-inside\/uploads\/2020\/11\/semia-class.jpg 1000w, https:\/\/www.km0.info\/wp-inside\/uploads\/2020\/11\/semia-class-300x225.jpg 300w, https:\/\/www.km0.info\/wp-inside\/uploads\/2020\/11\/semia-class-768x576.jpg 768w, https:\/\/www.km0.info\/wp-inside\/uploads\/2020\/11\/semia-class-115x86.jpg 115w, https:\/\/www.km0.info\/wp-inside\/uploads\/2020\/11\/semia-class-320x240.jpg 320w, https:\/\/www.km0.info\/wp-inside\/uploads\/2020\/11\/semia-class-800x600.jpg 800w\" sizes=\"auto, (max-width: 581px) 100vw, 581px\"><\/p>\n<p>&nbsp;<\/p>\n<\/p><\/div>\n<\/p><\/div>\n<\/p><\/div>\n<\/p><\/div>\n<\/p><\/div>\n<\/p><\/div>\n<\/p><\/div>\n<\/div>\n<p><!-- \/flzn:zn_textblock --><\/p>\n","protected":false},"excerpt":{"rendered":"<p>David Lichtl\u00e9 (unten), Startup-Manager und Unternehmer, der f\u00fcr SEMIA Mulhouse eingestellt wurde, stellt die Ankunft von SEMIA im KM\u00d8, dem ersten Inkubator f\u00fcr Startups im Elsass, vor. Diese Vereinsstruktur wurde [&hellip;]<\/p>\n","protected":false},"author":3,"featured_media":7881,"comment_status":"closed","ping_status":"closed","sticky":false,"template":"","format":"standard","meta":{"_acf_changed":false,"footnotes":""},"categories":[41],"tags":[],"class_list":["post-9091","post","type-post","status-publish","format-standard","has-post-thumbnail","hentry","category-unkategorisiert","wp-sticky"],"acf":[],"yoast_head":"<!-- This site is optimized with the Yoast SEO plugin v27.5 - https:\/\/yoast.com\/product\/yoast-seo-wordpress\/ -->\n<title>&quot;Immer mehr und immer bessere Unternehmer entwickeln&quot;, die Vision von SEMIA, dem neuen Bewohner des KM\u00d8! David Lichtl\u00e9<\/title>\n<meta name=\"robots\" content=\"index, follow, max-snippet:-1, max-image-preview:large, max-video-preview:-1\" \/>\n<link rel=\"canonical\" href=\"https:\/\/www.km0.info\/de\/unkategorisiert\/immer-mehr-und-immer-bessere-unternehmer-entwickeln-die-vision-von-semia-dem-neuen-bewohner-des-kmo-david-lichtle\/\" \/>\n<meta property=\"og:locale\" content=\"de_DE\" \/>\n<meta property=\"og:type\" content=\"article\" \/>\n<meta property=\"og:title\" content=\"&quot;Immer mehr und immer bessere Unternehmer entwickeln&quot;, die Vision von SEMIA, dem neuen Bewohner des KM\u00d8! David Lichtl\u00e9\" \/>\n<meta property=\"og:description\" content=\"David Lichtl\u00e9 (unten), Startup-Manager und Unternehmer, der f\u00fcr SEMIA Mulhouse eingestellt wurde, stellt die Ankunft von SEMIA im KM\u00d8, dem ersten Inkubator f\u00fcr Startups im Elsass, vor. Diese Vereinsstruktur wurde [&hellip;]\" \/>\n<meta property=\"og:url\" content=\"https:\/\/www.km0.info\/de\/unkategorisiert\/immer-mehr-und-immer-bessere-unternehmer-entwickeln-die-vision-von-semia-dem-neuen-bewohner-des-kmo-david-lichtle\/\" \/>\n<meta property=\"og:site_name\" content=\"KM\u00d8\" \/>\n<meta property=\"article:published_time\" content=\"2022-12-13T13:14:34+00:00\" \/>\n<meta property=\"og:image\" content=\"https:\/\/www.km0.info\/wp-inside\/uploads\/2020\/11\/david-semia.jpg\" \/>\n\t<meta property=\"og:image:width\" content=\"1000\" \/>\n\t<meta property=\"og:image:height\" content=\"750\" \/>\n\t<meta property=\"og:image:type\" content=\"image\/jpeg\" \/>\n<meta name=\"author\" content=\"Premi\u00e8re Place\" \/>\n<meta name=\"twitter:card\" content=\"summary_large_image\" \/>\n<meta name=\"twitter:label1\" content=\"Verfasst von\" \/>\n\t<meta name=\"twitter:data1\" content=\"Premi\u00e8re Place\" \/>\n\t<meta name=\"twitter:label2\" content=\"Gesch\u00e4tzte Lesezeit\" \/>\n\t<meta name=\"twitter:data2\" content=\"2\u00a0Minuten\" \/>\n<script type=\"application\/ld+json\" class=\"yoast-schema-graph\">{\"@context\":\"https:\\\/\\\/schema.org\",\"@graph\":[{\"@type\":\"Article\",\"@id\":\"https:\\\/\\\/www.km0.info\\\/de\\\/unkategorisiert\\\/immer-mehr-und-immer-bessere-unternehmer-entwickeln-die-vision-von-semia-dem-neuen-bewohner-des-kmo-david-lichtle\\\/#article\",\"isPartOf\":{\"@id\":\"https:\\\/\\\/www.km0.info\\\/de\\\/unkategorisiert\\\/immer-mehr-und-immer-bessere-unternehmer-entwickeln-die-vision-von-semia-dem-neuen-bewohner-des-kmo-david-lichtle\\\/\"},\"author\":{\"name\":\"Premi\u00e8re Place\",\"@id\":\"https:\\\/\\\/www.km0.info\\\/de\\\/#\\\/schema\\\/person\\\/7b71ca8e8552579559686a8406403ba7\"},\"headline\":\"&#8222;Immer mehr und immer bessere Unternehmer entwickeln&#8220;, die Vision von SEMIA, dem neuen Bewohner des KM\u00d8! David Lichtl\u00e9\",\"datePublished\":\"2022-12-13T13:14:34+00:00\",\"mainEntityOfPage\":{\"@id\":\"https:\\\/\\\/www.km0.info\\\/de\\\/unkategorisiert\\\/immer-mehr-und-immer-bessere-unternehmer-entwickeln-die-vision-von-semia-dem-neuen-bewohner-des-kmo-david-lichtle\\\/\"},\"wordCount\":489,\"publisher\":{\"@id\":\"https:\\\/\\\/www.km0.info\\\/de\\\/#organization\"},\"image\":{\"@id\":\"https:\\\/\\\/www.km0.info\\\/de\\\/unkategorisiert\\\/immer-mehr-und-immer-bessere-unternehmer-entwickeln-die-vision-von-semia-dem-neuen-bewohner-des-kmo-david-lichtle\\\/#primaryimage\"},\"thumbnailUrl\":\"https:\\\/\\\/www.km0.info\\\/wp-inside\\\/uploads\\\/2020\\\/11\\\/david-semia.jpg\",\"articleSection\":[\"Unkategorisiert\"],\"inLanguage\":\"de\"},{\"@type\":\"WebPage\",\"@id\":\"https:\\\/\\\/www.km0.info\\\/de\\\/unkategorisiert\\\/immer-mehr-und-immer-bessere-unternehmer-entwickeln-die-vision-von-semia-dem-neuen-bewohner-des-kmo-david-lichtle\\\/\",\"url\":\"https:\\\/\\\/www.km0.info\\\/de\\\/unkategorisiert\\\/immer-mehr-und-immer-bessere-unternehmer-entwickeln-die-vision-von-semia-dem-neuen-bewohner-des-kmo-david-lichtle\\\/\",\"name\":\"\\\"Immer mehr und immer bessere Unternehmer entwickeln\\\", die Vision von SEMIA, dem neuen Bewohner des KM\u00d8! David Lichtl\u00e9\",\"isPartOf\":{\"@id\":\"https:\\\/\\\/www.km0.info\\\/de\\\/#website\"},\"primaryImageOfPage\":{\"@id\":\"https:\\\/\\\/www.km0.info\\\/de\\\/unkategorisiert\\\/immer-mehr-und-immer-bessere-unternehmer-entwickeln-die-vision-von-semia-dem-neuen-bewohner-des-kmo-david-lichtle\\\/#primaryimage\"},\"image\":{\"@id\":\"https:\\\/\\\/www.km0.info\\\/de\\\/unkategorisiert\\\/immer-mehr-und-immer-bessere-unternehmer-entwickeln-die-vision-von-semia-dem-neuen-bewohner-des-kmo-david-lichtle\\\/#primaryimage\"},\"thumbnailUrl\":\"https:\\\/\\\/www.km0.info\\\/wp-inside\\\/uploads\\\/2020\\\/11\\\/david-semia.jpg\",\"datePublished\":\"2022-12-13T13:14:34+00:00\",\"breadcrumb\":{\"@id\":\"https:\\\/\\\/www.km0.info\\\/de\\\/unkategorisiert\\\/immer-mehr-und-immer-bessere-unternehmer-entwickeln-die-vision-von-semia-dem-neuen-bewohner-des-kmo-david-lichtle\\\/#breadcrumb\"},\"inLanguage\":\"de\",\"potentialAction\":[{\"@type\":\"ReadAction\",\"target\":[\"https:\\\/\\\/www.km0.info\\\/de\\\/unkategorisiert\\\/immer-mehr-und-immer-bessere-unternehmer-entwickeln-die-vision-von-semia-dem-neuen-bewohner-des-kmo-david-lichtle\\\/\"]}]},{\"@type\":\"ImageObject\",\"inLanguage\":\"de\",\"@id\":\"https:\\\/\\\/www.km0.info\\\/de\\\/unkategorisiert\\\/immer-mehr-und-immer-bessere-unternehmer-entwickeln-die-vision-von-semia-dem-neuen-bewohner-des-kmo-david-lichtle\\\/#primaryimage\",\"url\":\"https:\\\/\\\/www.km0.info\\\/wp-inside\\\/uploads\\\/2020\\\/11\\\/david-semia.jpg\",\"contentUrl\":\"https:\\\/\\\/www.km0.info\\\/wp-inside\\\/uploads\\\/2020\\\/11\\\/david-semia.jpg\",\"width\":1000,\"height\":750},{\"@type\":\"BreadcrumbList\",\"@id\":\"https:\\\/\\\/www.km0.info\\\/de\\\/unkategorisiert\\\/immer-mehr-und-immer-bessere-unternehmer-entwickeln-die-vision-von-semia-dem-neuen-bewohner-des-kmo-david-lichtle\\\/#breadcrumb\",\"itemListElement\":[{\"@type\":\"ListItem\",\"position\":1,\"name\":\"Accueil\",\"item\":\"https:\\\/\\\/www.km0.info\\\/de\\\/\"},{\"@type\":\"ListItem\",\"position\":2,\"name\":\"Unkategorisiert\",\"item\":\"https:\\\/\\\/www.km0.info\\\/de\\\/unkategorisiert\\\/\"},{\"@type\":\"ListItem\",\"position\":3,\"name\":\"&#8222;Immer mehr und immer bessere Unternehmer entwickeln&#8220;, die Vision von SEMIA, dem neuen Bewohner des KM\u00d8&#160;! David Lichtl\u00e9\"}]},{\"@type\":\"WebSite\",\"@id\":\"https:\\\/\\\/www.km0.info\\\/de\\\/#website\",\"url\":\"https:\\\/\\\/www.km0.info\\\/de\\\/\",\"name\":\"KM\u00d8\",\"description\":\"Lieu d&#039;innovation d\u00e9di\u00e9 \u00e0 la transformation digitale de l&#039;industrie\",\"publisher\":{\"@id\":\"https:\\\/\\\/www.km0.info\\\/de\\\/#organization\"},\"potentialAction\":[{\"@type\":\"SearchAction\",\"target\":{\"@type\":\"EntryPoint\",\"urlTemplate\":\"https:\\\/\\\/www.km0.info\\\/de\\\/?s={search_term_string}\"},\"query-input\":{\"@type\":\"PropertyValueSpecification\",\"valueRequired\":true,\"valueName\":\"search_term_string\"}}],\"inLanguage\":\"de\"},{\"@type\":\"Organization\",\"@id\":\"https:\\\/\\\/www.km0.info\\\/de\\\/#organization\",\"name\":\"KM\u00d8\",\"url\":\"https:\\\/\\\/www.km0.info\\\/de\\\/\",\"logo\":{\"@type\":\"ImageObject\",\"inLanguage\":\"de\",\"@id\":\"https:\\\/\\\/www.km0.info\\\/de\\\/#\\\/schema\\\/logo\\\/image\\\/\",\"url\":\"https:\\\/\\\/www.km0.info\\\/wp-inside\\\/uploads\\\/2020\\\/10\\\/logo-km0-quadri-200x155-1.png\",\"contentUrl\":\"https:\\\/\\\/www.km0.info\\\/wp-inside\\\/uploads\\\/2020\\\/10\\\/logo-km0-quadri-200x155-1.png\",\"width\":200,\"height\":155,\"caption\":\"KM\u00d8\"},\"image\":{\"@id\":\"https:\\\/\\\/www.km0.info\\\/de\\\/#\\\/schema\\\/logo\\\/image\\\/\"}},{\"@type\":\"Person\",\"@id\":\"https:\\\/\\\/www.km0.info\\\/de\\\/#\\\/schema\\\/person\\\/7b71ca8e8552579559686a8406403ba7\",\"name\":\"Premi\u00e8re Place\",\"image\":{\"@type\":\"ImageObject\",\"inLanguage\":\"de\",\"@id\":\"https:\\\/\\\/secure.gravatar.com\\\/avatar\\\/5091af20ac2a44cb521992f13fec8a09deb308a5b721983dec39b595a5302c6a?s=96&d=mm&r=g\",\"url\":\"https:\\\/\\\/secure.gravatar.com\\\/avatar\\\/5091af20ac2a44cb521992f13fec8a09deb308a5b721983dec39b595a5302c6a?s=96&d=mm&r=g\",\"contentUrl\":\"https:\\\/\\\/secure.gravatar.com\\\/avatar\\\/5091af20ac2a44cb521992f13fec8a09deb308a5b721983dec39b595a5302c6a?s=96&d=mm&r=g\",\"caption\":\"Premi\u00e8re Place\"}}]}<\/script>\n<!-- \/ Yoast SEO plugin. -->","yoast_head_json":{"title":"\"Immer mehr und immer bessere Unternehmer entwickeln\", die Vision von SEMIA, dem neuen Bewohner des KM\u00d8! David Lichtl\u00e9","robots":{"index":"index","follow":"follow","max-snippet":"max-snippet:-1","max-image-preview":"max-image-preview:large","max-video-preview":"max-video-preview:-1"},"canonical":"https:\/\/www.km0.info\/de\/unkategorisiert\/immer-mehr-und-immer-bessere-unternehmer-entwickeln-die-vision-von-semia-dem-neuen-bewohner-des-kmo-david-lichtle\/","og_locale":"de_DE","og_type":"article","og_title":"\"Immer mehr und immer bessere Unternehmer entwickeln\", die Vision von SEMIA, dem neuen Bewohner des KM\u00d8! David Lichtl\u00e9","og_description":"David Lichtl\u00e9 (unten), Startup-Manager und Unternehmer, der f\u00fcr SEMIA Mulhouse eingestellt wurde, stellt die Ankunft von SEMIA im KM\u00d8, dem ersten Inkubator f\u00fcr Startups im Elsass, vor. Diese Vereinsstruktur wurde [&hellip;]","og_url":"https:\/\/www.km0.info\/de\/unkategorisiert\/immer-mehr-und-immer-bessere-unternehmer-entwickeln-die-vision-von-semia-dem-neuen-bewohner-des-kmo-david-lichtle\/","og_site_name":"KM\u00d8","article_published_time":"2022-12-13T13:14:34+00:00","og_image":[{"width":1000,"height":750,"url":"https:\/\/www.km0.info\/wp-inside\/uploads\/2020\/11\/david-semia.jpg","type":"image\/jpeg"}],"author":"Premi\u00e8re Place","twitter_card":"summary_large_image","twitter_misc":{"Verfasst von":"Premi\u00e8re Place","Gesch\u00e4tzte Lesezeit":"2\u00a0Minuten"},"schema":{"@context":"https:\/\/schema.org","@graph":[{"@type":"Article","@id":"https:\/\/www.km0.info\/de\/unkategorisiert\/immer-mehr-und-immer-bessere-unternehmer-entwickeln-die-vision-von-semia-dem-neuen-bewohner-des-kmo-david-lichtle\/#article","isPartOf":{"@id":"https:\/\/www.km0.info\/de\/unkategorisiert\/immer-mehr-und-immer-bessere-unternehmer-entwickeln-die-vision-von-semia-dem-neuen-bewohner-des-kmo-david-lichtle\/"},"author":{"name":"Premi\u00e8re Place","@id":"https:\/\/www.km0.info\/de\/#\/schema\/person\/7b71ca8e8552579559686a8406403ba7"},"headline":"&#8222;Immer mehr und immer bessere Unternehmer entwickeln&#8220;, die Vision von SEMIA, dem neuen Bewohner des KM\u00d8! David Lichtl\u00e9","datePublished":"2022-12-13T13:14:34+00:00","mainEntityOfPage":{"@id":"https:\/\/www.km0.info\/de\/unkategorisiert\/immer-mehr-und-immer-bessere-unternehmer-entwickeln-die-vision-von-semia-dem-neuen-bewohner-des-kmo-david-lichtle\/"},"wordCount":489,"publisher":{"@id":"https:\/\/www.km0.info\/de\/#organization"},"image":{"@id":"https:\/\/www.km0.info\/de\/unkategorisiert\/immer-mehr-und-immer-bessere-unternehmer-entwickeln-die-vision-von-semia-dem-neuen-bewohner-des-kmo-david-lichtle\/#primaryimage"},"thumbnailUrl":"https:\/\/www.km0.info\/wp-inside\/uploads\/2020\/11\/david-semia.jpg","articleSection":["Unkategorisiert"],"inLanguage":"de"},{"@type":"WebPage","@id":"https:\/\/www.km0.info\/de\/unkategorisiert\/immer-mehr-und-immer-bessere-unternehmer-entwickeln-die-vision-von-semia-dem-neuen-bewohner-des-kmo-david-lichtle\/","url":"https:\/\/www.km0.info\/de\/unkategorisiert\/immer-mehr-und-immer-bessere-unternehmer-entwickeln-die-vision-von-semia-dem-neuen-bewohner-des-kmo-david-lichtle\/","name":"\"Immer mehr und immer bessere Unternehmer entwickeln\", die Vision von SEMIA, dem neuen Bewohner des KM\u00d8! David Lichtl\u00e9","isPartOf":{"@id":"https:\/\/www.km0.info\/de\/#website"},"primaryImageOfPage":{"@id":"https:\/\/www.km0.info\/de\/unkategorisiert\/immer-mehr-und-immer-bessere-unternehmer-entwickeln-die-vision-von-semia-dem-neuen-bewohner-des-kmo-david-lichtle\/#primaryimage"},"image":{"@id":"https:\/\/www.km0.info\/de\/unkategorisiert\/immer-mehr-und-immer-bessere-unternehmer-entwickeln-die-vision-von-semia-dem-neuen-bewohner-des-kmo-david-lichtle\/#primaryimage"},"thumbnailUrl":"https:\/\/www.km0.info\/wp-inside\/uploads\/2020\/11\/david-semia.jpg","datePublished":"2022-12-13T13:14:34+00:00","breadcrumb":{"@id":"https:\/\/www.km0.info\/de\/unkategorisiert\/immer-mehr-und-immer-bessere-unternehmer-entwickeln-die-vision-von-semia-dem-neuen-bewohner-des-kmo-david-lichtle\/#breadcrumb"},"inLanguage":"de","potentialAction":[{"@type":"ReadAction","target":["https:\/\/www.km0.info\/de\/unkategorisiert\/immer-mehr-und-immer-bessere-unternehmer-entwickeln-die-vision-von-semia-dem-neuen-bewohner-des-kmo-david-lichtle\/"]}]},{"@type":"ImageObject","inLanguage":"de","@id":"https:\/\/www.km0.info\/de\/unkategorisiert\/immer-mehr-und-immer-bessere-unternehmer-entwickeln-die-vision-von-semia-dem-neuen-bewohner-des-kmo-david-lichtle\/#primaryimage","url":"https:\/\/www.km0.info\/wp-inside\/uploads\/2020\/11\/david-semia.jpg","contentUrl":"https:\/\/www.km0.info\/wp-inside\/uploads\/2020\/11\/david-semia.jpg","width":1000,"height":750},{"@type":"BreadcrumbList","@id":"https:\/\/www.km0.info\/de\/unkategorisiert\/immer-mehr-und-immer-bessere-unternehmer-entwickeln-die-vision-von-semia-dem-neuen-bewohner-des-kmo-david-lichtle\/#breadcrumb","itemListElement":[{"@type":"ListItem","position":1,"name":"Accueil","item":"https:\/\/www.km0.info\/de\/"},{"@type":"ListItem","position":2,"name":"Unkategorisiert","item":"https:\/\/www.km0.info\/de\/unkategorisiert\/"},{"@type":"ListItem","position":3,"name":"&#8222;Immer mehr und immer bessere Unternehmer entwickeln&#8220;, die Vision von SEMIA, dem neuen Bewohner des KM\u00d8&#160;! David Lichtl\u00e9"}]},{"@type":"WebSite","@id":"https:\/\/www.km0.info\/de\/#website","url":"https:\/\/www.km0.info\/de\/","name":"KM\u00d8","description":"Lieu d&#039;innovation d\u00e9di\u00e9 \u00e0 la transformation digitale de l&#039;industrie","publisher":{"@id":"https:\/\/www.km0.info\/de\/#organization"},"potentialAction":[{"@type":"SearchAction","target":{"@type":"EntryPoint","urlTemplate":"https:\/\/www.km0.info\/de\/?s={search_term_string}"},"query-input":{"@type":"PropertyValueSpecification","valueRequired":true,"valueName":"search_term_string"}}],"inLanguage":"de"},{"@type":"Organization","@id":"https:\/\/www.km0.info\/de\/#organization","name":"KM\u00d8","url":"https:\/\/www.km0.info\/de\/","logo":{"@type":"ImageObject","inLanguage":"de","@id":"https:\/\/www.km0.info\/de\/#\/schema\/logo\/image\/","url":"https:\/\/www.km0.info\/wp-inside\/uploads\/2020\/10\/logo-km0-quadri-200x155-1.png","contentUrl":"https:\/\/www.km0.info\/wp-inside\/uploads\/2020\/10\/logo-km0-quadri-200x155-1.png","width":200,"height":155,"caption":"KM\u00d8"},"image":{"@id":"https:\/\/www.km0.info\/de\/#\/schema\/logo\/image\/"}},{"@type":"Person","@id":"https:\/\/www.km0.info\/de\/#\/schema\/person\/7b71ca8e8552579559686a8406403ba7","name":"Premi\u00e8re Place","image":{"@type":"ImageObject","inLanguage":"de","@id":"https:\/\/secure.gravatar.com\/avatar\/5091af20ac2a44cb521992f13fec8a09deb308a5b721983dec39b595a5302c6a?s=96&d=mm&r=g","url":"https:\/\/secure.gravatar.com\/avatar\/5091af20ac2a44cb521992f13fec8a09deb308a5b721983dec39b595a5302c6a?s=96&d=mm&r=g","contentUrl":"https:\/\/secure.gravatar.com\/avatar\/5091af20ac2a44cb521992f13fec8a09deb308a5b721983dec39b595a5302c6a?s=96&d=mm&r=g","caption":"Premi\u00e8re Place"}}]}},"_links":{"self":[{"href":"https:\/\/www.km0.info\/de\/wp-json\/wp\/v2\/posts\/9091","targetHints":{"allow":["GET"]}}],"collection":[{"href":"https:\/\/www.km0.info\/de\/wp-json\/wp\/v2\/posts"}],"about":[{"href":"https:\/\/www.km0.info\/de\/wp-json\/wp\/v2\/types\/post"}],"author":[{"embeddable":true,"href":"https:\/\/www.km0.info\/de\/wp-json\/wp\/v2\/users\/3"}],"replies":[{"embeddable":true,"href":"https:\/\/www.km0.info\/de\/wp-json\/wp\/v2\/comments?post=9091"}],"version-history":[{"count":0,"href":"https:\/\/www.km0.info\/de\/wp-json\/wp\/v2\/posts\/9091\/revisions"}],"wp:featuredmedia":[{"embeddable":true,"href":"https:\/\/www.km0.info\/de\/wp-json\/wp\/v2\/media\/7881"}],"wp:attachment":[{"href":"https:\/\/www.km0.info\/de\/wp-json\/wp\/v2\/media?parent=9091"}],"wp:term":[{"taxonomy":"category","embeddable":true,"href":"https:\/\/www.km0.info\/de\/wp-json\/wp\/v2\/categories?post=9091"},{"taxonomy":"post_tag","embeddable":true,"href":"https:\/\/www.km0.info\/de\/wp-json\/wp\/v2\/tags?post=9091"}],"curies":[{"name":"wp","href":"https:\/\/api.w.org\/{rel}","templated":true}]}}