{"id":9080,"date":"2022-12-13T14:14:33","date_gmt":"2022-12-13T13:14:33","guid":{"rendered":"https:\/\/www.km0.info\/unkategorisiert\/zwei-studentinnen-aus-muelhausen-finalistinnen-eines-weltweiten-wettbewerbs\/"},"modified":"2022-12-13T14:14:33","modified_gmt":"2022-12-13T13:14:33","slug":"zwei-studentinnen-aus-muelhausen-finalistinnen-eines-weltweiten-wettbewerbs","status":"publish","type":"post","link":"https:\/\/www.km0.info\/de\/unkategorisiert\/zwei-studentinnen-aus-muelhausen-finalistinnen-eines-weltweiten-wettbewerbs\/","title":{"rendered":"Zwei Studentinnen aus M\u00fclhausen Finalistinnen eines weltweiten Wettbewerbs"},"content":{"rendered":"<p><!-- flzn:zn_textblock --><\/p>\n<div id=\"flzn-textblock-1\" class=\"zn zone zn-textblock\">\n<div class=\"zone-block zn-textblock-block pdd-top-off pdd-bottom-off alignsimple va-top\">\n<div class=\"row mw-content-zone \">\n<div class=\"columns large-12\">\n<div class=\"row large-up-1 nbloc-1\">\n<div class=\"column zn-textblock-col\">\n<div class=\"column-inner\">\n<div class=\"wig-content mw-content\">\n<p style=\"text-align: center;\">Das Projekt <strong>N&#8217;Eco<\/strong> von zwei Studentinnen aus M\u00fclhausen, das aus einer Zusammenarbeit zwischen dem M\u00fclhausener Industrie- und Digital\u00f6kosystem KM\u00d8 und IBM hervorgegangen ist, hat es unter die <strong>Finalisten der weltweiten Herausforderung &#8220;&nbsp;Call for Code 2020&nbsp;&#8222;<\/strong> geschafft.<\/p>\n<\/p><\/div>\n<\/p><\/div>\n<\/p><\/div>\n<\/p><\/div>\n<\/p><\/div>\n<\/p><\/div>\n<\/p><\/div>\n<\/div>\n<p><!-- \/flzn:zn_textblock --><br \/>\n<!-- flzn:zn_imgtextblock --><\/p>\n<div id=\"flzn-imgtextblock-1\" class=\"zn zone zn-imgtextblock\">\n<div class=\"zone-block zn-imgtextblock-block pdd-bottom-big alignwide va-center\">\n<div class=\"row mw-content-zone\">\n<div class=\"columns large-12\">\n<div class=\"row with-nice-alignment zn-imgtextblock-row img-left va-center\" data-equalizer=\"\" data-equalize-on=\"large\">\n<div class=\"columns large-6 zn-imgtextblock-colimg\" data-equalizer-watch=\"\">\n<div class=\"columns-inner zn-imgtextblock-col-inner\">\n<p>\t\t\t\t\t\t<span class=\"deco1\"><\/span><br \/>\n\t\t\t\t\t\t<span class=\"deco2\"><\/span><br \/>\n\t\t\t\t\t\t<span class=\"deco3\"><\/span><\/p>\n<div class=\"zn-imgtextblock-imgbox\" title=\"\">\n<figure class=\"zn-imgtextblock-figure\">\n\t\t\t\t\t\t\t<img decoding=\"async\" class=\"zn-imgtextblock-img\" src=\"https:\/\/www.km0.info\/wp-inside\/uploads\/2020\/11\/fatima-zahra-abboud-et-solene-moins-toutes-deux-etudiantes-en-licence-miage-sont-finalistes-du-concours-mondial-ca-1024x740.jpg\" alt=\"\"><br \/>\n\t\t\t\t\t\t\t\t\t\t\t\t\t<\/figure>\n<\/p><\/div>\n<\/p><\/div>\n<\/p><\/div>\n<div class=\"columns large-6 zn-imgtextblock-coldesc\" data-equalizer-watch=\"\">\n<div class=\"columns-inner zn-imgtextblock-descbox\">\n<div class=\"zn-imgtextblock-desc wig-content\">\n<h2>&#8220;&nbsp;Call for Code&nbsp;&#8220; &#8211; Europ\u00e4ische Top 4 f\u00fcr eine Anwendung aus M\u00fclhausen mit dem Namen N&#8217;Eco<\/h2>\n<p>Zwei Praktikantinnen von <strong>KM\u00d8<\/strong> auf dem Campus La Fonderie, Sol\u00e8ne Moins und Fatima Zahra Abboud, beide Studentinnen der <strong>Licence Miage<\/strong> (M\u00e9thodes Informatiques Appliqu\u00e9es \u00e0 la Gestion des Entreprises) an der Universit\u00e9 de Haute-Alsace, haben sich an der weltweiten Herausforderung Call for Code beteiligt, die von der IBM-Gruppe geleitet wird.<\/p>\n<p>Dieses Projekt, das sich anl\u00e4sslich des <strong>75. Jahrestags der Vereinten Nationen<\/strong> mit dem Klimawandel befasst, bestand darin, auf die Innovation und Entwicklung einer digitalen L\u00f6sung f\u00fcr die Bek\u00e4mpfung von<br \/>\ngegen die globale Erw\u00e4rmung oder Covid-19.<\/p>\n<p>Dank der Entwicklung ihrer innovativen App<strong> N&#8217;Eco<\/strong> brachten sie ihr Projekt unter <strong>die Top 4 der L\u00f6sungen in Europa<\/strong>, unter die Top 16 weltweit und <strong>als einzige in Frankreich<\/strong> unter 210 000 anderen Ideen.<\/p>\n<p>Die M\u00fclheimer App mit dem Namen N&#8217;Eco ist aus einer Zusammenarbeit zwischen dem M\u00fclheimer Industrie- und Digital\u00f6kosystem KM\u00d8 und IBM hervorgegangen.<\/p>\n<\/div><\/div>\n<\/p><\/div>\n<\/p><\/div>\n<\/p><\/div>\n<\/p><\/div>\n<\/div>\n<\/div>\n<p><!-- \/flzn:zn_imgtextblock --><br \/>\n<!-- flzn:zn_textblock --><\/p>\n<div id=\"flzn-textblock-2\" class=\"zn zone zn-textblock\">\n<div class=\"zone-block zn-textblock-block pdd-top-off pdd-bottom-big alignwide va-top\">\n<div class=\"row mw-content-zone \">\n<div class=\"columns large-12\">\n<div class=\"row with-nice-alignment nbloc-2 va-top\">\n<div class=\"columns large-6 zn-textblock-col\">\n<div class=\"columns-inner\">\n<div class=\"wig-content mw-content\">\n<h2>N&#8217;Eco&nbsp;: ein 100&nbsp;% weibliches Team<\/h2>\n<p>Im Jahr 2018 schlossen sich die Linux Foundation, die Vereinten Nationen und IBM mit David Clark Cause, dem Sch\u00f6pfer des weltweiten Wettbewerbs mit dem Namen &#8220;&nbsp;Call for Code&nbsp;&#8220; zusammen, um diesen Wettbewerb ins Leben zu rufen, mit dem die besten digitalen L\u00f6sungen zur Bek\u00e4mpfung der globalen Erw\u00e4rmung ausgezeichnet werden sollen. F\u00fcr die beiden Sch\u00fclerinnen, die wertvolle Hilfe von Fabienne Buhler von KM\u00d8 und Eric Roussillon von IBM erhielten und ihre Kommilitonin Melissa Luttenschlager f\u00fcr den Designteil mit einbezogen, ging es darum, &#8222;&#8230;&nbsp;die richtige Idee finden, einen Gesch\u00e4ftsplan erstellen, die L\u00f6sung entwickeln, die Werbung und den Einsatz planen&nbsp;&#8220; und das \u00fcber einen Zeitraum von<br \/>\nzwei Monate.<\/p>\n<p>Dieses 100&nbsp;% weibliche Team hat die L\u00f6sung &#8220;&nbsp;N&#8217;Eco&nbsp;&#8220; entwickelt, die sich an Kinder zwischen 9 und 12 Jahren richtet und sie auf spielerische Weise f\u00fcr verantwortungsbewusstes Handeln in verschiedenen L\u00e4ndern sensibilisiert, denn sie betonen: &#8220;&nbsp;man benutzt Wasser in Indonesien nicht auf die gleiche Weise wie in Frankreich&nbsp;&#8222;.<\/p>\n<p>Artikel verfasst von <em>Jean-Marie VALDER<\/em> &#8211; 20. Oktober 2020.<\/p>\n<p><a class=\"button with-arrow\" href=\"https:\/\/www.km0.info\/wp-inside\/uploads\/2020\/11\/nouvelles-technologies.-video-deux-etudiantes-mulhousiennes-finalistes-dun-concours-mondial-ibm.pdf\">  Lesen Sie die vollst\u00e4ndige Rezension<\/a><\/p>\n<\/p><\/div>\n<\/p><\/div>\n<\/p><\/div>\n<div class=\"columns large-6 zn-textblock-col\">\n<div class=\"columns-inner\">\n<div class=\"wig-content mw-content\">\n<p><iframe loading=\"lazy\" title=\"#CallForCode - Neco Application\" width=\"500\" height=\"281\" src=\"https:\/\/www.youtube.com\/embed\/b3KkMpS8z4g?feature=oembed&amp;modestbranding=1&amp;showinfo=0&amp;rel=0&amp;cc_load_policy=1&amp;iv_load_policy=3\" frameborder=\"0\" allow=\"accelerometer; autoplay; clipboard-write; encrypted-media; gyroscope; picture-in-picture\" allowfullscreen=\"\"><\/iframe><\/p>\n<p>&nbsp;<\/p>\n<\/p><\/div>\n<\/p><\/div>\n<\/p><\/div>\n<\/p><\/div>\n<\/p><\/div>\n<\/p><\/div>\n<\/p><\/div>\n<\/div>\n<p><!-- \/flzn:zn_textblock --><\/p>\n","protected":false},"excerpt":{"rendered":"<p>Das Projekt N&#8217;Eco von zwei Studentinnen aus M\u00fclhausen, das aus einer Zusammenarbeit zwischen dem M\u00fclhausener Industrie- und Digital\u00f6kosystem KM\u00d8 und IBM hervorgegangen ist, hat es unter die Finalisten der weltweiten [&hellip;]<\/p>\n","protected":false},"author":3,"featured_media":7882,"comment_status":"closed","ping_status":"closed","sticky":false,"template":"","format":"standard","meta":{"_acf_changed":false,"footnotes":""},"categories":[41],"tags":[],"class_list":["post-9080","post","type-post","status-publish","format-standard","has-post-thumbnail","hentry","category-unkategorisiert","wp-sticky"],"acf":[],"yoast_head":"<!-- This site is optimized with the Yoast SEO plugin v27.5 - https:\/\/yoast.com\/product\/yoast-seo-wordpress\/ -->\n<title>Zwei Studentinnen aus M\u00fclhausen Finalistinnen eines weltweiten Wettbewerbs<\/title>\n<meta name=\"robots\" content=\"index, follow, max-snippet:-1, max-image-preview:large, max-video-preview:-1\" \/>\n<link rel=\"canonical\" href=\"https:\/\/www.km0.info\/de\/unkategorisiert\/zwei-studentinnen-aus-muelhausen-finalistinnen-eines-weltweiten-wettbewerbs\/\" \/>\n<meta property=\"og:locale\" content=\"de_DE\" \/>\n<meta property=\"og:type\" content=\"article\" \/>\n<meta property=\"og:title\" content=\"Zwei Studentinnen aus M\u00fclhausen Finalistinnen eines weltweiten Wettbewerbs\" \/>\n<meta property=\"og:description\" content=\"Das Projekt N&#8217;Eco von zwei Studentinnen aus M\u00fclhausen, das aus einer Zusammenarbeit zwischen dem M\u00fclhausener Industrie- und Digital\u00f6kosystem KM\u00d8 und IBM hervorgegangen ist, hat es unter die Finalisten der weltweiten [&hellip;]\" \/>\n<meta property=\"og:url\" content=\"https:\/\/www.km0.info\/de\/unkategorisiert\/zwei-studentinnen-aus-muelhausen-finalistinnen-eines-weltweiten-wettbewerbs\/\" \/>\n<meta property=\"og:site_name\" content=\"KM\u00d8\" \/>\n<meta property=\"article:published_time\" content=\"2022-12-13T13:14:33+00:00\" \/>\n<meta property=\"og:image\" content=\"https:\/\/www.km0.info\/wp-inside\/uploads\/2020\/11\/fatima-zahra-abboud-et-solene-moins-toutes-deux-etudiantes-en-licence-miage-sont-finalistes-du-concours-mondial-ca.jpg\" \/>\n\t<meta property=\"og:image:width\" content=\"1250\" \/>\n\t<meta property=\"og:image:height\" content=\"903\" \/>\n\t<meta property=\"og:image:type\" content=\"image\/jpeg\" \/>\n<meta name=\"author\" content=\"Premi\u00e8re Place\" \/>\n<meta name=\"twitter:card\" content=\"summary_large_image\" \/>\n<meta name=\"twitter:label1\" content=\"Verfasst von\" \/>\n\t<meta name=\"twitter:data1\" content=\"Premi\u00e8re Place\" \/>\n\t<meta name=\"twitter:label2\" content=\"Gesch\u00e4tzte Lesezeit\" \/>\n\t<meta name=\"twitter:data2\" content=\"2\u00a0Minuten\" \/>\n<script type=\"application\/ld+json\" class=\"yoast-schema-graph\">{\"@context\":\"https:\\\/\\\/schema.org\",\"@graph\":[{\"@type\":\"Article\",\"@id\":\"https:\\\/\\\/www.km0.info\\\/de\\\/unkategorisiert\\\/zwei-studentinnen-aus-muelhausen-finalistinnen-eines-weltweiten-wettbewerbs\\\/#article\",\"isPartOf\":{\"@id\":\"https:\\\/\\\/www.km0.info\\\/de\\\/unkategorisiert\\\/zwei-studentinnen-aus-muelhausen-finalistinnen-eines-weltweiten-wettbewerbs\\\/\"},\"author\":{\"name\":\"Premi\u00e8re Place\",\"@id\":\"https:\\\/\\\/www.km0.info\\\/de\\\/#\\\/schema\\\/person\\\/7b71ca8e8552579559686a8406403ba7\"},\"headline\":\"Zwei Studentinnen aus M\u00fclhausen Finalistinnen eines weltweiten Wettbewerbs\",\"datePublished\":\"2022-12-13T13:14:33+00:00\",\"mainEntityOfPage\":{\"@id\":\"https:\\\/\\\/www.km0.info\\\/de\\\/unkategorisiert\\\/zwei-studentinnen-aus-muelhausen-finalistinnen-eines-weltweiten-wettbewerbs\\\/\"},\"wordCount\":409,\"publisher\":{\"@id\":\"https:\\\/\\\/www.km0.info\\\/de\\\/#organization\"},\"image\":{\"@id\":\"https:\\\/\\\/www.km0.info\\\/de\\\/unkategorisiert\\\/zwei-studentinnen-aus-muelhausen-finalistinnen-eines-weltweiten-wettbewerbs\\\/#primaryimage\"},\"thumbnailUrl\":\"https:\\\/\\\/www.km0.info\\\/wp-inside\\\/uploads\\\/2020\\\/11\\\/fatima-zahra-abboud-et-solene-moins-toutes-deux-etudiantes-en-licence-miage-sont-finalistes-du-concours-mondial-ca.jpg\",\"articleSection\":[\"Unkategorisiert\"],\"inLanguage\":\"de\"},{\"@type\":\"WebPage\",\"@id\":\"https:\\\/\\\/www.km0.info\\\/de\\\/unkategorisiert\\\/zwei-studentinnen-aus-muelhausen-finalistinnen-eines-weltweiten-wettbewerbs\\\/\",\"url\":\"https:\\\/\\\/www.km0.info\\\/de\\\/unkategorisiert\\\/zwei-studentinnen-aus-muelhausen-finalistinnen-eines-weltweiten-wettbewerbs\\\/\",\"name\":\"Zwei Studentinnen aus M\u00fclhausen Finalistinnen eines weltweiten Wettbewerbs\",\"isPartOf\":{\"@id\":\"https:\\\/\\\/www.km0.info\\\/de\\\/#website\"},\"primaryImageOfPage\":{\"@id\":\"https:\\\/\\\/www.km0.info\\\/de\\\/unkategorisiert\\\/zwei-studentinnen-aus-muelhausen-finalistinnen-eines-weltweiten-wettbewerbs\\\/#primaryimage\"},\"image\":{\"@id\":\"https:\\\/\\\/www.km0.info\\\/de\\\/unkategorisiert\\\/zwei-studentinnen-aus-muelhausen-finalistinnen-eines-weltweiten-wettbewerbs\\\/#primaryimage\"},\"thumbnailUrl\":\"https:\\\/\\\/www.km0.info\\\/wp-inside\\\/uploads\\\/2020\\\/11\\\/fatima-zahra-abboud-et-solene-moins-toutes-deux-etudiantes-en-licence-miage-sont-finalistes-du-concours-mondial-ca.jpg\",\"datePublished\":\"2022-12-13T13:14:33+00:00\",\"breadcrumb\":{\"@id\":\"https:\\\/\\\/www.km0.info\\\/de\\\/unkategorisiert\\\/zwei-studentinnen-aus-muelhausen-finalistinnen-eines-weltweiten-wettbewerbs\\\/#breadcrumb\"},\"inLanguage\":\"de\",\"potentialAction\":[{\"@type\":\"ReadAction\",\"target\":[\"https:\\\/\\\/www.km0.info\\\/de\\\/unkategorisiert\\\/zwei-studentinnen-aus-muelhausen-finalistinnen-eines-weltweiten-wettbewerbs\\\/\"]}]},{\"@type\":\"ImageObject\",\"inLanguage\":\"de\",\"@id\":\"https:\\\/\\\/www.km0.info\\\/de\\\/unkategorisiert\\\/zwei-studentinnen-aus-muelhausen-finalistinnen-eines-weltweiten-wettbewerbs\\\/#primaryimage\",\"url\":\"https:\\\/\\\/www.km0.info\\\/wp-inside\\\/uploads\\\/2020\\\/11\\\/fatima-zahra-abboud-et-solene-moins-toutes-deux-etudiantes-en-licence-miage-sont-finalistes-du-concours-mondial-ca.jpg\",\"contentUrl\":\"https:\\\/\\\/www.km0.info\\\/wp-inside\\\/uploads\\\/2020\\\/11\\\/fatima-zahra-abboud-et-solene-moins-toutes-deux-etudiantes-en-licence-miage-sont-finalistes-du-concours-mondial-ca.jpg\",\"width\":1250,\"height\":903},{\"@type\":\"BreadcrumbList\",\"@id\":\"https:\\\/\\\/www.km0.info\\\/de\\\/unkategorisiert\\\/zwei-studentinnen-aus-muelhausen-finalistinnen-eines-weltweiten-wettbewerbs\\\/#breadcrumb\",\"itemListElement\":[{\"@type\":\"ListItem\",\"position\":1,\"name\":\"Accueil\",\"item\":\"https:\\\/\\\/www.km0.info\\\/de\\\/\"},{\"@type\":\"ListItem\",\"position\":2,\"name\":\"Unkategorisiert\",\"item\":\"https:\\\/\\\/www.km0.info\\\/de\\\/unkategorisiert\\\/\"},{\"@type\":\"ListItem\",\"position\":3,\"name\":\"Zwei Studentinnen aus M\u00fclhausen Finalistinnen eines weltweiten Wettbewerbs\"}]},{\"@type\":\"WebSite\",\"@id\":\"https:\\\/\\\/www.km0.info\\\/de\\\/#website\",\"url\":\"https:\\\/\\\/www.km0.info\\\/de\\\/\",\"name\":\"KM\u00d8\",\"description\":\"Lieu d&#039;innovation d\u00e9di\u00e9 \u00e0 la transformation digitale de l&#039;industrie\",\"publisher\":{\"@id\":\"https:\\\/\\\/www.km0.info\\\/de\\\/#organization\"},\"potentialAction\":[{\"@type\":\"SearchAction\",\"target\":{\"@type\":\"EntryPoint\",\"urlTemplate\":\"https:\\\/\\\/www.km0.info\\\/de\\\/?s={search_term_string}\"},\"query-input\":{\"@type\":\"PropertyValueSpecification\",\"valueRequired\":true,\"valueName\":\"search_term_string\"}}],\"inLanguage\":\"de\"},{\"@type\":\"Organization\",\"@id\":\"https:\\\/\\\/www.km0.info\\\/de\\\/#organization\",\"name\":\"KM\u00d8\",\"url\":\"https:\\\/\\\/www.km0.info\\\/de\\\/\",\"logo\":{\"@type\":\"ImageObject\",\"inLanguage\":\"de\",\"@id\":\"https:\\\/\\\/www.km0.info\\\/de\\\/#\\\/schema\\\/logo\\\/image\\\/\",\"url\":\"https:\\\/\\\/www.km0.info\\\/wp-inside\\\/uploads\\\/2020\\\/10\\\/logo-km0-quadri-200x155-1.png\",\"contentUrl\":\"https:\\\/\\\/www.km0.info\\\/wp-inside\\\/uploads\\\/2020\\\/10\\\/logo-km0-quadri-200x155-1.png\",\"width\":200,\"height\":155,\"caption\":\"KM\u00d8\"},\"image\":{\"@id\":\"https:\\\/\\\/www.km0.info\\\/de\\\/#\\\/schema\\\/logo\\\/image\\\/\"}},{\"@type\":\"Person\",\"@id\":\"https:\\\/\\\/www.km0.info\\\/de\\\/#\\\/schema\\\/person\\\/7b71ca8e8552579559686a8406403ba7\",\"name\":\"Premi\u00e8re Place\",\"image\":{\"@type\":\"ImageObject\",\"inLanguage\":\"de\",\"@id\":\"https:\\\/\\\/secure.gravatar.com\\\/avatar\\\/5091af20ac2a44cb521992f13fec8a09deb308a5b721983dec39b595a5302c6a?s=96&d=mm&r=g\",\"url\":\"https:\\\/\\\/secure.gravatar.com\\\/avatar\\\/5091af20ac2a44cb521992f13fec8a09deb308a5b721983dec39b595a5302c6a?s=96&d=mm&r=g\",\"contentUrl\":\"https:\\\/\\\/secure.gravatar.com\\\/avatar\\\/5091af20ac2a44cb521992f13fec8a09deb308a5b721983dec39b595a5302c6a?s=96&d=mm&r=g\",\"caption\":\"Premi\u00e8re Place\"}}]}<\/script>\n<!-- \/ Yoast SEO plugin. -->","yoast_head_json":{"title":"Zwei Studentinnen aus M\u00fclhausen Finalistinnen eines weltweiten Wettbewerbs","robots":{"index":"index","follow":"follow","max-snippet":"max-snippet:-1","max-image-preview":"max-image-preview:large","max-video-preview":"max-video-preview:-1"},"canonical":"https:\/\/www.km0.info\/de\/unkategorisiert\/zwei-studentinnen-aus-muelhausen-finalistinnen-eines-weltweiten-wettbewerbs\/","og_locale":"de_DE","og_type":"article","og_title":"Zwei Studentinnen aus M\u00fclhausen Finalistinnen eines weltweiten Wettbewerbs","og_description":"Das Projekt N&#8217;Eco von zwei Studentinnen aus M\u00fclhausen, das aus einer Zusammenarbeit zwischen dem M\u00fclhausener Industrie- und Digital\u00f6kosystem KM\u00d8 und IBM hervorgegangen ist, hat es unter die Finalisten der weltweiten [&hellip;]","og_url":"https:\/\/www.km0.info\/de\/unkategorisiert\/zwei-studentinnen-aus-muelhausen-finalistinnen-eines-weltweiten-wettbewerbs\/","og_site_name":"KM\u00d8","article_published_time":"2022-12-13T13:14:33+00:00","og_image":[{"width":1250,"height":903,"url":"https:\/\/www.km0.info\/wp-inside\/uploads\/2020\/11\/fatima-zahra-abboud-et-solene-moins-toutes-deux-etudiantes-en-licence-miage-sont-finalistes-du-concours-mondial-ca.jpg","type":"image\/jpeg"}],"author":"Premi\u00e8re Place","twitter_card":"summary_large_image","twitter_misc":{"Verfasst von":"Premi\u00e8re Place","Gesch\u00e4tzte Lesezeit":"2\u00a0Minuten"},"schema":{"@context":"https:\/\/schema.org","@graph":[{"@type":"Article","@id":"https:\/\/www.km0.info\/de\/unkategorisiert\/zwei-studentinnen-aus-muelhausen-finalistinnen-eines-weltweiten-wettbewerbs\/#article","isPartOf":{"@id":"https:\/\/www.km0.info\/de\/unkategorisiert\/zwei-studentinnen-aus-muelhausen-finalistinnen-eines-weltweiten-wettbewerbs\/"},"author":{"name":"Premi\u00e8re Place","@id":"https:\/\/www.km0.info\/de\/#\/schema\/person\/7b71ca8e8552579559686a8406403ba7"},"headline":"Zwei Studentinnen aus M\u00fclhausen Finalistinnen eines weltweiten Wettbewerbs","datePublished":"2022-12-13T13:14:33+00:00","mainEntityOfPage":{"@id":"https:\/\/www.km0.info\/de\/unkategorisiert\/zwei-studentinnen-aus-muelhausen-finalistinnen-eines-weltweiten-wettbewerbs\/"},"wordCount":409,"publisher":{"@id":"https:\/\/www.km0.info\/de\/#organization"},"image":{"@id":"https:\/\/www.km0.info\/de\/unkategorisiert\/zwei-studentinnen-aus-muelhausen-finalistinnen-eines-weltweiten-wettbewerbs\/#primaryimage"},"thumbnailUrl":"https:\/\/www.km0.info\/wp-inside\/uploads\/2020\/11\/fatima-zahra-abboud-et-solene-moins-toutes-deux-etudiantes-en-licence-miage-sont-finalistes-du-concours-mondial-ca.jpg","articleSection":["Unkategorisiert"],"inLanguage":"de"},{"@type":"WebPage","@id":"https:\/\/www.km0.info\/de\/unkategorisiert\/zwei-studentinnen-aus-muelhausen-finalistinnen-eines-weltweiten-wettbewerbs\/","url":"https:\/\/www.km0.info\/de\/unkategorisiert\/zwei-studentinnen-aus-muelhausen-finalistinnen-eines-weltweiten-wettbewerbs\/","name":"Zwei Studentinnen aus M\u00fclhausen Finalistinnen eines weltweiten Wettbewerbs","isPartOf":{"@id":"https:\/\/www.km0.info\/de\/#website"},"primaryImageOfPage":{"@id":"https:\/\/www.km0.info\/de\/unkategorisiert\/zwei-studentinnen-aus-muelhausen-finalistinnen-eines-weltweiten-wettbewerbs\/#primaryimage"},"image":{"@id":"https:\/\/www.km0.info\/de\/unkategorisiert\/zwei-studentinnen-aus-muelhausen-finalistinnen-eines-weltweiten-wettbewerbs\/#primaryimage"},"thumbnailUrl":"https:\/\/www.km0.info\/wp-inside\/uploads\/2020\/11\/fatima-zahra-abboud-et-solene-moins-toutes-deux-etudiantes-en-licence-miage-sont-finalistes-du-concours-mondial-ca.jpg","datePublished":"2022-12-13T13:14:33+00:00","breadcrumb":{"@id":"https:\/\/www.km0.info\/de\/unkategorisiert\/zwei-studentinnen-aus-muelhausen-finalistinnen-eines-weltweiten-wettbewerbs\/#breadcrumb"},"inLanguage":"de","potentialAction":[{"@type":"ReadAction","target":["https:\/\/www.km0.info\/de\/unkategorisiert\/zwei-studentinnen-aus-muelhausen-finalistinnen-eines-weltweiten-wettbewerbs\/"]}]},{"@type":"ImageObject","inLanguage":"de","@id":"https:\/\/www.km0.info\/de\/unkategorisiert\/zwei-studentinnen-aus-muelhausen-finalistinnen-eines-weltweiten-wettbewerbs\/#primaryimage","url":"https:\/\/www.km0.info\/wp-inside\/uploads\/2020\/11\/fatima-zahra-abboud-et-solene-moins-toutes-deux-etudiantes-en-licence-miage-sont-finalistes-du-concours-mondial-ca.jpg","contentUrl":"https:\/\/www.km0.info\/wp-inside\/uploads\/2020\/11\/fatima-zahra-abboud-et-solene-moins-toutes-deux-etudiantes-en-licence-miage-sont-finalistes-du-concours-mondial-ca.jpg","width":1250,"height":903},{"@type":"BreadcrumbList","@id":"https:\/\/www.km0.info\/de\/unkategorisiert\/zwei-studentinnen-aus-muelhausen-finalistinnen-eines-weltweiten-wettbewerbs\/#breadcrumb","itemListElement":[{"@type":"ListItem","position":1,"name":"Accueil","item":"https:\/\/www.km0.info\/de\/"},{"@type":"ListItem","position":2,"name":"Unkategorisiert","item":"https:\/\/www.km0.info\/de\/unkategorisiert\/"},{"@type":"ListItem","position":3,"name":"Zwei Studentinnen aus M\u00fclhausen Finalistinnen eines weltweiten Wettbewerbs"}]},{"@type":"WebSite","@id":"https:\/\/www.km0.info\/de\/#website","url":"https:\/\/www.km0.info\/de\/","name":"KM\u00d8","description":"Lieu d&#039;innovation d\u00e9di\u00e9 \u00e0 la transformation digitale de l&#039;industrie","publisher":{"@id":"https:\/\/www.km0.info\/de\/#organization"},"potentialAction":[{"@type":"SearchAction","target":{"@type":"EntryPoint","urlTemplate":"https:\/\/www.km0.info\/de\/?s={search_term_string}"},"query-input":{"@type":"PropertyValueSpecification","valueRequired":true,"valueName":"search_term_string"}}],"inLanguage":"de"},{"@type":"Organization","@id":"https:\/\/www.km0.info\/de\/#organization","name":"KM\u00d8","url":"https:\/\/www.km0.info\/de\/","logo":{"@type":"ImageObject","inLanguage":"de","@id":"https:\/\/www.km0.info\/de\/#\/schema\/logo\/image\/","url":"https:\/\/www.km0.info\/wp-inside\/uploads\/2020\/10\/logo-km0-quadri-200x155-1.png","contentUrl":"https:\/\/www.km0.info\/wp-inside\/uploads\/2020\/10\/logo-km0-quadri-200x155-1.png","width":200,"height":155,"caption":"KM\u00d8"},"image":{"@id":"https:\/\/www.km0.info\/de\/#\/schema\/logo\/image\/"}},{"@type":"Person","@id":"https:\/\/www.km0.info\/de\/#\/schema\/person\/7b71ca8e8552579559686a8406403ba7","name":"Premi\u00e8re Place","image":{"@type":"ImageObject","inLanguage":"de","@id":"https:\/\/secure.gravatar.com\/avatar\/5091af20ac2a44cb521992f13fec8a09deb308a5b721983dec39b595a5302c6a?s=96&d=mm&r=g","url":"https:\/\/secure.gravatar.com\/avatar\/5091af20ac2a44cb521992f13fec8a09deb308a5b721983dec39b595a5302c6a?s=96&d=mm&r=g","contentUrl":"https:\/\/secure.gravatar.com\/avatar\/5091af20ac2a44cb521992f13fec8a09deb308a5b721983dec39b595a5302c6a?s=96&d=mm&r=g","caption":"Premi\u00e8re Place"}}]}},"_links":{"self":[{"href":"https:\/\/www.km0.info\/de\/wp-json\/wp\/v2\/posts\/9080","targetHints":{"allow":["GET"]}}],"collection":[{"href":"https:\/\/www.km0.info\/de\/wp-json\/wp\/v2\/posts"}],"about":[{"href":"https:\/\/www.km0.info\/de\/wp-json\/wp\/v2\/types\/post"}],"author":[{"embeddable":true,"href":"https:\/\/www.km0.info\/de\/wp-json\/wp\/v2\/users\/3"}],"replies":[{"embeddable":true,"href":"https:\/\/www.km0.info\/de\/wp-json\/wp\/v2\/comments?post=9080"}],"version-history":[{"count":0,"href":"https:\/\/www.km0.info\/de\/wp-json\/wp\/v2\/posts\/9080\/revisions"}],"wp:featuredmedia":[{"embeddable":true,"href":"https:\/\/www.km0.info\/de\/wp-json\/wp\/v2\/media\/7882"}],"wp:attachment":[{"href":"https:\/\/www.km0.info\/de\/wp-json\/wp\/v2\/media?parent=9080"}],"wp:term":[{"taxonomy":"category","embeddable":true,"href":"https:\/\/www.km0.info\/de\/wp-json\/wp\/v2\/categories?post=9080"},{"taxonomy":"post_tag","embeddable":true,"href":"https:\/\/www.km0.info\/de\/wp-json\/wp\/v2\/tags?post=9080"}],"curies":[{"name":"wp","href":"https:\/\/api.w.org\/{rel}","templated":true}]}}